{"id":5482,"date":"2025-06-10T17:26:08","date_gmt":"2025-06-10T15:26:08","guid":{"rendered":"https:\/\/www.forma-beauty.fr\/?p=5482"},"modified":"2026-04-09T12:51:58","modified_gmt":"2026-04-09T10:51:58","slug":"formation-pose-de-bijoux-dentaires","status":"publish","type":"post","link":"https:\/\/www.forma-beauty.fr\/index.php\/2025\/06\/10\/formation-pose-de-bijoux-dentaires\/","title":{"rendered":"Formation Pose de Bijoux Dentaires\u00a0"},"content":{"rendered":"\n<div class=\"wp-block-columns is-layout-flex wp-container-core-columns-is-layout-9d6595d7 wp-block-columns-is-layout-flex\">\n<div class=\"wp-block-column wp-block-column-left is-layout-flow wp-block-column-is-layout-flow\" style=\"flex-basis:25%\">\n<figure class=\"wp-block-image size-full is-resized\"><img loading=\"lazy\" decoding=\"async\" width=\"600\" height=\"600\" src=\"https:\/\/www.forma-beauty.fr\/wp-content\/uploads\/2025\/07\/Pose-de-Bijoux-Dentaires.jpg\" alt=\"Formation Pose de Bijoux Dentaires - bouche entrouverte, l\u00e8vres maquill\u00e9es de rouge \u00e0 l\u00e8vre brillant, dents ressemblant \u00e0 des diamants.\" class=\"wp-image-5519\" srcset=\"https:\/\/www.forma-beauty.fr\/wp-content\/uploads\/2025\/07\/Pose-de-Bijoux-Dentaires.jpg 600w, https:\/\/www.forma-beauty.fr\/wp-content\/uploads\/2025\/07\/Pose-de-Bijoux-Dentaires-300x300.jpg 300w, https:\/\/www.forma-beauty.fr\/wp-content\/uploads\/2025\/07\/Pose-de-Bijoux-Dentaires-150x150.jpg 150w\" sizes=\"auto, (max-width: 600px) 100vw, 600px\" \/><\/figure>\n\n\n\n<div class=\"wp-block-columns is-layout-flex wp-container-core-columns-is-layout-9d6595d7 wp-block-columns-is-layout-flex\">\n<div class=\"wp-block-column infos-formation is-layout-flow wp-block-column-is-layout-flow\">\n<div class=\"infos-ligne\"><span class=\"duree\">Dur\u00e9e :<\/span> <span class=\"jours\">7 h &#8211; 1 jour<\/span><\/div>\n\n\n\n<div class=\"infos-ligne\"><span style=\"margin: 0 0 .5em;text-align: center;text-transform: uppercase;font-size: .8em;line-height: 1.2em;\">Formation sans kit de d\u00e9marrage:<\/span>\n<span class=\"tarif\">Tarif :<\/span> <span class=\"prix HT\">550<\/span> <span class=\"prix\">660<\/span><\/div>\n\n\n\n<div class=\"infos-ligne\"><span class=\"acompte\">Acompte inscription :<\/span> <span class=\"prix HT\">165<\/span>  <span class=\"prix\">198<\/span><\/div>\n\n\n\n<div class=\"infos-ligne\"><a href=\"\/wp-content\/uploads\/2025\/07\/Formabeauty-SOIN-SPECIFIQUE-bijoux-dentaires.pdf\" class=\"telecharger\">T\u00e9l\u00e9chargez la fiche PDF<\/a><\/div>\n<\/div>\n<\/div>\n\n\n\n<div class=\"wp-block-buttons is-layout-flex wp-block-buttons-is-layout-flex\">\n<div class=\"wp-block-button open-events\"><a class=\"wp-block-button__link wp-element-button\">Je m&rsquo;inscris<\/a><\/div>\n<div class=\"wp-block-button open-all-events\" style=\"margin-top: 10px;\"><a class=\"wp-block-button__link wp-element-button\">Voir toutes les formations<\/a><\/div>\n<p><script>\n  if (typeof hasAmeliaEvent === 'undefined') {\n    var hasAmeliaEvent = true;\n  }\n  if (typeof hasEventApiCall === 'undefined' && ('open-events' === '' && '1' !== '1')) {\n    var hasEventApiCall = true;\n  }\n  var hasEventShortcode = (typeof hasEventShortcode === 'undefined') ? false : true;\n  var ameliaShortcodeData = (typeof ameliaShortcodeData === 'undefined') ? [] : ameliaShortcodeData;\n  ameliaShortcodeData.push(\n    {\n      'hasApiCall': (typeof hasEventApiCall !== 'undefined') && hasEventApiCall,\n      'trigger': 'open-events',\n      'trigger_type': 'class',\n      'triggered_form': 'elf',\n      'in_dialog': '1',\n      'counter': '1000',\n      'employee': '',\n      'eventId': '',\n      'eventRecurring': 0,\n      'eventTag': \"{formation-pose-de-bijoux-dentaires}\",\n      'locationId': \"\"\n    }\n  );\n  var ameliaShortcodeDataTriggered = (typeof ameliaShortcodeDataTriggered === 'undefined') ? [] : ameliaShortcodeDataTriggered;\n  if (ameliaShortcodeData[ameliaShortcodeData.length - 1].trigger !== '') {\n    if (ameliaShortcodeDataTriggered.filter(a => a.counter === ameliaShortcodeData[ameliaShortcodeData.length - 1].counter).length === 0) {\n      ameliaShortcodeDataTriggered.push(ameliaShortcodeData.pop());\n    } else {\n      ameliaShortcodeData.pop()\n    }\n  }\n  if (typeof hasEventApiCall !== 'undefined' && hasEventApiCall) {\n    hasEventApiCall = false;\n  }\n<\/script>\n\n<div\n  id=\"amelia-v2-booking-1000\"\n  class=\"amelia-v2-booking amelia-skip-load amelia-skip-load-1000\"\n>\n    <dialog-forms><\/dialog-forms><\/div>\n <script>\n  if (typeof hasAmeliaEvent === 'undefined') {\n    var hasAmeliaEvent = true;\n  }\n  if (typeof hasEventApiCall === 'undefined' && ('open-all-events' === '' && '1' !== '1')) {\n    var hasEventApiCall = true;\n  }\n  var hasEventShortcode = (typeof hasEventShortcode === 'undefined') ? false : true;\n  var ameliaShortcodeData = (typeof ameliaShortcodeData === 'undefined') ? [] : ameliaShortcodeData;\n  ameliaShortcodeData.push(\n    {\n      'hasApiCall': (typeof hasEventApiCall !== 'undefined') && hasEventApiCall,\n      'trigger': 'open-all-events',\n      'trigger_type': 'class',\n      'triggered_form': 'ecf',\n      'in_dialog': '1',\n      'counter': '1001',\n      'employee': '',\n      'eventId': '',\n      'eventRecurring': 0,\n      'eventTag': \"\",\n      'locationId': \"\"\n    }\n  );\n  var ameliaShortcodeDataTriggered = (typeof ameliaShortcodeDataTriggered === 'undefined') ? [] : ameliaShortcodeDataTriggered;\n  if (ameliaShortcodeData[ameliaShortcodeData.length - 1].trigger !== '') {\n    if (ameliaShortcodeDataTriggered.filter(a => a.counter === ameliaShortcodeData[ameliaShortcodeData.length - 1].counter).length === 0) {\n      ameliaShortcodeDataTriggered.push(ameliaShortcodeData.pop());\n    } else {\n      ameliaShortcodeData.pop()\n    }\n  }\n  if (typeof hasEventApiCall !== 'undefined' && hasEventApiCall) {\n    hasEventApiCall = false;\n  }\n<\/script>\n\n<div\n  id=\"amelia-v2-booking-1001\"\n  class=\"amelia-v2-booking amelia-skip-load amelia-skip-load-1001\"\n>\n    <dialog-forms><\/dialog-forms><\/div>\n<\/div>\n\n\n\n<div class=\"wp-block-columns is-layout-flex wp-container-core-columns-is-layout-9d6595d7 wp-block-columns-is-layout-flex\">\n<div class=\"wp-block-column is-layout-flow wp-block-column-is-layout-flow\">\n<h3 class=\"wp-block-heading\">Paiement jusqu&rsquo;\u00e0 quatre fois avec Alma<\/h3>\n\n\n<div class=\"wp-block-image\">\n<figure class=\"aligncenter size-full\"><a href=\"https:\/\/almapay.com\/fr-FR\" target=\"_blank\" rel=\"noreferrer noopener\"><img loading=\"lazy\" decoding=\"async\" width=\"230\" height=\"65\" src=\"https:\/\/www.forma-beauty.fr\/wp-content\/uploads\/2024\/11\/Alma-230px.png\" alt=\"Alma - solution de paiement en plusieurs fois flexible et garanti\" class=\"wp-image-4715\" style=\"object-fit:cover\"\/><\/a><\/figure>\n<\/div>\n\n\n<h3 class=\"wp-block-heading\">Dispositifs de financement :<\/h3>\n\n\n\n<div class=\"wp-block-buttons is-layout-flex wp-block-buttons-is-layout-flex\">\n<div class=\"wp-block-button\"><a class=\"wp-block-button__link wp-element-button\" href=\"\/index.php\/a-propos\/financement\/\" target=\"_blank\" rel=\"noreferrer noopener\">Voir les modalit\u00e9s de financement<\/a><\/div>\n<\/div>\n\n\n\n<figure class=\"wp-block-gallery aligncenter has-nested-images columns-1 wp-block-gallery-1 is-layout-flex wp-block-gallery-is-layout-flex\">\n<figure class=\"wp-block-image size-full\"><img decoding=\"async\" data-id=\"4714\" src=\"https:\/\/www.forma-beauty.fr\/wp-content\/uploads\/2024\/11\/Uniformation-260px.png\" alt=\"Uniformation - L'Opco de la coh\u00e9sion sociale\" class=\"wp-image-4714\"\/><\/figure>\n\n\n\n<figure class=\"wp-block-image size-full\"><img loading=\"lazy\" decoding=\"async\" width=\"230\" height=\"75\" data-id=\"4713\" src=\"https:\/\/www.forma-beauty.fr\/wp-content\/uploads\/2024\/11\/Atlas-230px.png\" alt=\"Atlas - Opco Atlas, op\u00e9rateur de comp\u00e9tences des services financiers et du conseil\" class=\"wp-image-4713\"\/><\/figure>\n\n\n\n<figure class=\"wp-block-image size-full\"><img loading=\"lazy\" decoding=\"async\" width=\"130\" height=\"130\" data-id=\"4712\" src=\"https:\/\/www.forma-beauty.fr\/wp-content\/uploads\/2024\/11\/agefice-130px.png\" alt=\"AGEFICE - Assurance Formation des Travailleurs non salari\u00e9s des secteurs du commerce, de l'industrie et des services\" class=\"wp-image-4712\"\/><\/figure>\n\n\n\n<figure class=\"wp-block-image size-full\"><img loading=\"lazy\" decoding=\"async\" width=\"230\" height=\"74\" data-id=\"4711\" src=\"https:\/\/www.forma-beauty.fr\/wp-content\/uploads\/2024\/11\/AFDAS-230px.png\" alt=\"AFDAS - demain sera formation - Assurance Formation Des Activit\u00e9s du Spectacle\" class=\"wp-image-4711\"\/><\/figure>\n\n\n\n<figure class=\"wp-block-image size-full\"><img loading=\"lazy\" decoding=\"async\" width=\"140\" height=\"120\" data-id=\"4710\" src=\"https:\/\/www.forma-beauty.fr\/wp-content\/uploads\/2024\/11\/OCAPIAT-140px.png\" alt=\"OCAPIAT - Op\u00e9rateur de Comp\u00e9tences pour la Coop\u00e9ration agricole, l'Agriculture, la P\u00eache, l'Industrie Agroalimentaire et les Territoires\" class=\"wp-image-4710\"\/><\/figure>\n\n\n\n<figure class=\"wp-block-image size-full\"><img loading=\"lazy\" decoding=\"async\" width=\"180\" height=\"86\" data-id=\"4709\" src=\"https:\/\/www.forma-beauty.fr\/wp-content\/uploads\/2024\/11\/FAFCEA-180px.png\" alt=\"FAFCEA - Fonds d'Assurance Formation des Chefs d'Entreprise Artisanale\" class=\"wp-image-4709\"\/><\/figure>\n\n\n\n<figure class=\"wp-block-image size-full\"><img loading=\"lazy\" decoding=\"async\" width=\"170\" height=\"94\" data-id=\"4708\" src=\"https:\/\/www.forma-beauty.fr\/wp-content\/uploads\/2024\/11\/constructys-170px.png\" alt=\"Constructys - Votre partenaire comp\u00e9tences\" class=\"wp-image-4708\"\/><\/figure>\n\n\n\n<figure class=\"wp-block-image size-full\"><img loading=\"lazy\" decoding=\"async\" width=\"180\" height=\"87\" data-id=\"4706\" src=\"https:\/\/www.forma-beauty.fr\/wp-content\/uploads\/2024\/11\/CNAIB-180px.png\" alt=\"CNAIB SPA - Conf\u00e9d\u00e9ration Nationale Artisanale des Instituts de Beaut\u00e9 et Spas\" class=\"wp-image-4706\"\/><\/figure>\n\n\n\n<figure class=\"wp-block-image size-full\"><img loading=\"lazy\" decoding=\"async\" width=\"180\" height=\"91\" data-id=\"4705\" src=\"https:\/\/www.forma-beauty.fr\/wp-content\/uploads\/2024\/11\/CPF-180px.png\" alt=\"CPF - Mon Compte Formation\" class=\"wp-image-4705\"\/><\/figure>\n<\/figure>\n<\/div>\n<\/div>\n<\/div>\n\n\n\n<div class=\"wp-block-column wp-block-column-right is-layout-flow wp-block-column-is-layout-flow\" style=\"flex-basis:75%\">\n<h2 class=\"wp-block-heading\">Pr\u00e9sentation<\/h2>\n\n\n\n<p>La pose de bijoux dentaires, \u00e9galement appel\u00e9s \u201cgrillz\u201d, \u201cstrass dentaires\u201d ou \u201cdental bling\u201d, est une pratique esth\u00e9tique consistant \u00e0 fixer des ornements sur les dents pour des raisons d\u00e9coratives. Un bijou dentaire est un accessoire (souvent en m\u00e9tal pr\u00e9cieux comme l\u2019or, l\u2019argent, ou orn\u00e9 de pierres comme des diamants ou cristaux) fix\u00e9 sur une ou plusieurs dents. Principalement esth\u00e9tique, populaire dans la mode, la culture hip-hop, ou pour des occasions sp\u00e9ciales.<\/p>\n\n\n\n<h2 class=\"wp-block-heading\">Objectif p\u00e9dagogique<\/h2>\n\n\n\n<p>\u00c0 l\u2019issue de la formation, le stagiaire sera capable de :<\/p>\n\n\n\n<ul class=\"wp-block-list\">\n<li>Appliquer les normes d\u2019hygi\u00e8ne et de s\u00e9curit\u00e9 sp\u00e9cifiques \u00e0 la cavit\u00e9 buccale<\/li>\n\n\n\n<li>Identifier le mat\u00e9riel adapt\u00e9 \u00e0 la pose de bijoux dentaires<\/li>\n\n\n\n<li>R\u00e9aliser une pose simple et artistique (motifs : papillon, fleur, \u00e9toile\u2026)<\/li>\n\n\n\n<li>Accompagner la cliente avec un protocole post-prestation adapt\u00e9<\/li>\n<\/ul>\n\n\n\n<h2 class=\"wp-block-heading\" id=\"programme\">Programme<\/h2>\n\n\n\n<h4 class=\"wp-block-heading\">Matin (9h00 &#8211; 12h30) : Th\u00e9orie et pr\u00e9paration<\/h4>\n\n\n\n<ul class=\"wp-block-list\">\n<li>Accueil des participants, pr\u00e9sentation du programme<\/li>\n\n\n\n<li>Rappels sur l\u2019anatomie dentaire et les pr\u00e9cautions d\u2019usage<\/li>\n\n\n\n<li>Hygi\u00e8ne, d\u00e9sinfection, normes de s\u00e9curit\u00e9<\/li>\n\n\n\n<li>Pr\u00e9sentation des diff\u00e9rents types de strass et mat\u00e9riaux<\/li>\n\n\n\n<li>Techniques de pose avec d\u00e9monstration (colle, lampe UV, positionnement)<\/li>\n<\/ul>\n\n\n\n<h4 class=\"wp-block-heading\">Apr\u00e8s-midi (13h30 &#8211; 17h00) : Pratique et perfectionnement<\/h4>\n\n\n\n<ul class=\"wp-block-list\">\n<li>Pratique sur mod\u00e8le ou dentier :<br>\u27a4&nbsp;Pose classique<br>\u27a4&nbsp;Cr\u00e9ations artistiques : papillon&nbsp;\ud83e\udd8b, fleur&nbsp;\ud83c\udf38, \u00e9toile&nbsp;\u2b50<\/li>\n\n\n\n<li>Erreurs \u00e0 \u00e9viter, gestion des cas particuliers<\/li>\n\n\n\n<li>Conseils d\u2019entretien et fiche de suivi client<\/li>\n\n\n\n<li>\u00c9valuation des acquis et remise de l\u2019attestation<\/li>\n<\/ul>\n\n\n\n<ul class=\"wp-block-list\">\n<li><\/li>\n<\/ul>\n\n\n\n<h3 class=\"wp-block-heading\">Inclus dans la formation<\/h3>\n\n\n\n<ul class=\"wp-block-list\">\n<li>Manuel de formation d\u00e9taillant les techniques et les produits.<\/li>\n\n\n\n<li>Liste des \u00e9quipements et solutions recommand\u00e9s.<\/li>\n<\/ul>\n<\/div>\n<\/div>\n","protected":false},"excerpt":{"rendered":"<p>Dur\u00e9e : 7 h &#8211; 1 jour Formation sans kit de d\u00e9marrage: Tarif : 550 660 Acompte inscription : 165 198 T\u00e9l\u00e9chargez la fiche PDF Paiement jusqu&rsquo;\u00e0 quatre fois avec Alma Dispositifs de financement : Pr\u00e9sentation La pose de bijoux dentaires, \u00e9galement appel\u00e9s \u201cgrillz\u201d, \u201cstrass dentaires\u201d ou \u201cdental bling\u201d, est une pratique esth\u00e9tique consistant \u00e0&hellip;<\/p>\n","protected":false},"author":5,"featured_media":5519,"comment_status":"closed","ping_status":"closed","sticky":false,"template":"","format":"standard","meta":{"footnotes":""},"categories":[5,101],"tags":[189,142,9,129,141],"class_list":["post-5482","post","type-post","status-publish","format-standard","has-post-thumbnail","hentry","category-formations-beaute","category-soins-specifiques","tag-bijoux-dentaires","tag-dents","tag-formation","tag-soin-specifique","tag-sourire","category-5","category-101","description-off"],"yoast_head":"<!-- This site is optimized with the Yoast SEO plugin v27.5 - https:\/\/yoast.com\/product\/yoast-seo-wordpress\/ -->\n<title>Formation Pose de Bijoux Dentaires\u00a0 \ud83d\udcd6 Forma Beauty<\/title>\n<meta name=\"description\" content=\"Formabeauty, centre de formation sp\u00e9cialiste de l&#039;esth\u00e9tique \u00e0 la Seyne-sur-Mer dans le Var, propose une Formation Pose de Bijoux Dentaires\" \/>\n<meta name=\"robots\" content=\"index, follow, max-snippet:-1, max-image-preview:large, max-video-preview:-1\" \/>\n<link rel=\"canonical\" href=\"https:\/\/www.forma-beauty.fr\/index.php\/2025\/06\/10\/formation-pose-de-bijoux-dentaires\/\" \/>\n<meta property=\"og:locale\" content=\"fr_FR\" \/>\n<meta property=\"og:type\" content=\"article\" \/>\n<meta property=\"og:title\" content=\"Formation Pose de Bijoux Dentaires\u00a0 \ud83d\udcd6 Forma Beauty\" \/>\n<meta property=\"og:description\" content=\"Formabeauty, centre de formation sp\u00e9cialiste de l&#039;esth\u00e9tique \u00e0 la Seyne-sur-Mer dans le Var, propose une Formation Pose de Bijoux Dentaires\" \/>\n<meta property=\"og:url\" content=\"https:\/\/www.forma-beauty.fr\/index.php\/2025\/06\/10\/formation-pose-de-bijoux-dentaires\/\" \/>\n<meta property=\"og:site_name\" content=\"Forma Beauty\" \/>\n<meta property=\"article:published_time\" content=\"2025-06-10T15:26:08+00:00\" \/>\n<meta property=\"article:modified_time\" content=\"2026-04-09T10:51:58+00:00\" \/>\n<meta property=\"og:image\" content=\"https:\/\/www.forma-beauty.fr\/wp-content\/uploads\/2025\/07\/Pose-de-Bijoux-Dentaires.jpg\" \/>\n\t<meta property=\"og:image:width\" content=\"600\" \/>\n\t<meta property=\"og:image:height\" content=\"600\" \/>\n\t<meta property=\"og:image:type\" content=\"image\/jpeg\" \/>\n<meta name=\"author\" content=\"steph\" \/>\n<meta name=\"twitter:card\" content=\"summary_large_image\" \/>\n<meta name=\"twitter:label1\" content=\"\u00c9crit par\" \/>\n\t<meta name=\"twitter:data1\" content=\"steph\" \/>\n\t<meta name=\"twitter:label2\" content=\"Dur\u00e9e de lecture estim\u00e9e\" \/>\n\t<meta name=\"twitter:data2\" content=\"4 minutes\" \/>\n<script type=\"application\/ld+json\" class=\"yoast-schema-graph\">{\"@context\":\"https:\\\/\\\/schema.org\",\"@graph\":[{\"@type\":\"Article\",\"@id\":\"https:\\\/\\\/www.forma-beauty.fr\\\/index.php\\\/2025\\\/06\\\/10\\\/formation-pose-de-bijoux-dentaires\\\/#article\",\"isPartOf\":{\"@id\":\"https:\\\/\\\/www.forma-beauty.fr\\\/index.php\\\/2025\\\/06\\\/10\\\/formation-pose-de-bijoux-dentaires\\\/\"},\"author\":{\"name\":\"steph\",\"@id\":\"https:\\\/\\\/www.forma-beauty.fr\\\/#\\\/schema\\\/person\\\/b138ed54255d6b7b3ed7d54b965e7550\"},\"headline\":\"Formation Pose de Bijoux Dentaires\u00a0\",\"datePublished\":\"2025-06-10T15:26:08+00:00\",\"dateModified\":\"2026-04-09T10:51:58+00:00\",\"mainEntityOfPage\":{\"@id\":\"https:\\\/\\\/www.forma-beauty.fr\\\/index.php\\\/2025\\\/06\\\/10\\\/formation-pose-de-bijoux-dentaires\\\/\"},\"wordCount\":330,\"image\":{\"@id\":\"https:\\\/\\\/www.forma-beauty.fr\\\/index.php\\\/2025\\\/06\\\/10\\\/formation-pose-de-bijoux-dentaires\\\/#primaryimage\"},\"thumbnailUrl\":\"https:\\\/\\\/www.forma-beauty.fr\\\/wp-content\\\/uploads\\\/2025\\\/07\\\/Pose-de-Bijoux-Dentaires.jpg\",\"keywords\":[\"bijoux dentaires\",\"dents\",\"formation\",\"soin sp\u00e9cifique\",\"sourire\"],\"articleSection\":[\"Nos formations\",\"Soins sp\u00e9cifiques\"],\"inLanguage\":\"fr-FR\"},{\"@type\":\"WebPage\",\"@id\":\"https:\\\/\\\/www.forma-beauty.fr\\\/index.php\\\/2025\\\/06\\\/10\\\/formation-pose-de-bijoux-dentaires\\\/\",\"url\":\"https:\\\/\\\/www.forma-beauty.fr\\\/index.php\\\/2025\\\/06\\\/10\\\/formation-pose-de-bijoux-dentaires\\\/\",\"name\":\"Formation Pose de Bijoux Dentaires\u00a0 \ud83d\udcd6 Forma Beauty\",\"isPartOf\":{\"@id\":\"https:\\\/\\\/www.forma-beauty.fr\\\/#website\"},\"primaryImageOfPage\":{\"@id\":\"https:\\\/\\\/www.forma-beauty.fr\\\/index.php\\\/2025\\\/06\\\/10\\\/formation-pose-de-bijoux-dentaires\\\/#primaryimage\"},\"image\":{\"@id\":\"https:\\\/\\\/www.forma-beauty.fr\\\/index.php\\\/2025\\\/06\\\/10\\\/formation-pose-de-bijoux-dentaires\\\/#primaryimage\"},\"thumbnailUrl\":\"https:\\\/\\\/www.forma-beauty.fr\\\/wp-content\\\/uploads\\\/2025\\\/07\\\/Pose-de-Bijoux-Dentaires.jpg\",\"datePublished\":\"2025-06-10T15:26:08+00:00\",\"dateModified\":\"2026-04-09T10:51:58+00:00\",\"author\":{\"@id\":\"https:\\\/\\\/www.forma-beauty.fr\\\/#\\\/schema\\\/person\\\/b138ed54255d6b7b3ed7d54b965e7550\"},\"description\":\"Formabeauty, centre de formation sp\u00e9cialiste de l'esth\u00e9tique \u00e0 la Seyne-sur-Mer dans le Var, propose une Formation Pose de Bijoux Dentaires\",\"breadcrumb\":{\"@id\":\"https:\\\/\\\/www.forma-beauty.fr\\\/index.php\\\/2025\\\/06\\\/10\\\/formation-pose-de-bijoux-dentaires\\\/#breadcrumb\"},\"inLanguage\":\"fr-FR\",\"potentialAction\":[{\"@type\":\"ReadAction\",\"target\":[\"https:\\\/\\\/www.forma-beauty.fr\\\/index.php\\\/2025\\\/06\\\/10\\\/formation-pose-de-bijoux-dentaires\\\/\"]}]},{\"@type\":\"ImageObject\",\"inLanguage\":\"fr-FR\",\"@id\":\"https:\\\/\\\/www.forma-beauty.fr\\\/index.php\\\/2025\\\/06\\\/10\\\/formation-pose-de-bijoux-dentaires\\\/#primaryimage\",\"url\":\"https:\\\/\\\/www.forma-beauty.fr\\\/wp-content\\\/uploads\\\/2025\\\/07\\\/Pose-de-Bijoux-Dentaires.jpg\",\"contentUrl\":\"https:\\\/\\\/www.forma-beauty.fr\\\/wp-content\\\/uploads\\\/2025\\\/07\\\/Pose-de-Bijoux-Dentaires.jpg\",\"width\":600,\"height\":600,\"caption\":\"Formation Pose de Bijoux Dentaires - bouche entrouverte, l\u00e8vres maquill\u00e9es de rouge \u00e0 l\u00e8vre brillant, dents ressemblant \u00e0 des diamants.\"},{\"@type\":\"BreadcrumbList\",\"@id\":\"https:\\\/\\\/www.forma-beauty.fr\\\/index.php\\\/2025\\\/06\\\/10\\\/formation-pose-de-bijoux-dentaires\\\/#breadcrumb\",\"itemListElement\":[{\"@type\":\"ListItem\",\"position\":1,\"name\":\"Accueil\",\"item\":\"https:\\\/\\\/www.forma-beauty.fr\\\/\"},{\"@type\":\"ListItem\",\"position\":2,\"name\":\"Formation Pose de Bijoux Dentaires\u00a0\"}]},{\"@type\":\"WebSite\",\"@id\":\"https:\\\/\\\/www.forma-beauty.fr\\\/#website\",\"url\":\"https:\\\/\\\/www.forma-beauty.fr\\\/\",\"name\":\"Forma Beauty\",\"description\":\"Centre de formation Beaut\u00e9\",\"potentialAction\":[{\"@type\":\"SearchAction\",\"target\":{\"@type\":\"EntryPoint\",\"urlTemplate\":\"https:\\\/\\\/www.forma-beauty.fr\\\/?s={search_term_string}\"},\"query-input\":{\"@type\":\"PropertyValueSpecification\",\"valueRequired\":true,\"valueName\":\"search_term_string\"}}],\"inLanguage\":\"fr-FR\"},{\"@type\":\"Person\",\"@id\":\"https:\\\/\\\/www.forma-beauty.fr\\\/#\\\/schema\\\/person\\\/b138ed54255d6b7b3ed7d54b965e7550\",\"name\":\"steph\",\"image\":{\"@type\":\"ImageObject\",\"inLanguage\":\"fr-FR\",\"@id\":\"https:\\\/\\\/secure.gravatar.com\\\/avatar\\\/e74d7029390c4aa87f4c1ccdde9238a8e62ab6ebb8fb8d79135e496b5ccdf631?s=96&d=mm&r=g\",\"url\":\"https:\\\/\\\/secure.gravatar.com\\\/avatar\\\/e74d7029390c4aa87f4c1ccdde9238a8e62ab6ebb8fb8d79135e496b5ccdf631?s=96&d=mm&r=g\",\"contentUrl\":\"https:\\\/\\\/secure.gravatar.com\\\/avatar\\\/e74d7029390c4aa87f4c1ccdde9238a8e62ab6ebb8fb8d79135e496b5ccdf631?s=96&d=mm&r=g\",\"caption\":\"steph\"},\"url\":\"https:\\\/\\\/www.forma-beauty.fr\\\/index.php\\\/author\\\/steph\\\/\"}]}<\/script>\n<!-- \/ Yoast SEO plugin. -->","yoast_head_json":{"title":"Formation Pose de Bijoux Dentaires\u00a0 \ud83d\udcd6 Forma Beauty","description":"Formabeauty, centre de formation sp\u00e9cialiste de l'esth\u00e9tique \u00e0 la Seyne-sur-Mer dans le Var, propose une Formation Pose de Bijoux Dentaires","robots":{"index":"index","follow":"follow","max-snippet":"max-snippet:-1","max-image-preview":"max-image-preview:large","max-video-preview":"max-video-preview:-1"},"canonical":"https:\/\/www.forma-beauty.fr\/index.php\/2025\/06\/10\/formation-pose-de-bijoux-dentaires\/","og_locale":"fr_FR","og_type":"article","og_title":"Formation Pose de Bijoux Dentaires\u00a0 \ud83d\udcd6 Forma Beauty","og_description":"Formabeauty, centre de formation sp\u00e9cialiste de l'esth\u00e9tique \u00e0 la Seyne-sur-Mer dans le Var, propose une Formation Pose de Bijoux Dentaires","og_url":"https:\/\/www.forma-beauty.fr\/index.php\/2025\/06\/10\/formation-pose-de-bijoux-dentaires\/","og_site_name":"Forma Beauty","article_published_time":"2025-06-10T15:26:08+00:00","article_modified_time":"2026-04-09T10:51:58+00:00","og_image":[{"width":600,"height":600,"url":"https:\/\/www.forma-beauty.fr\/wp-content\/uploads\/2025\/07\/Pose-de-Bijoux-Dentaires.jpg","type":"image\/jpeg"}],"author":"steph","twitter_card":"summary_large_image","twitter_misc":{"\u00c9crit par":"steph","Dur\u00e9e de lecture estim\u00e9e":"4 minutes"},"schema":{"@context":"https:\/\/schema.org","@graph":[{"@type":"Article","@id":"https:\/\/www.forma-beauty.fr\/index.php\/2025\/06\/10\/formation-pose-de-bijoux-dentaires\/#article","isPartOf":{"@id":"https:\/\/www.forma-beauty.fr\/index.php\/2025\/06\/10\/formation-pose-de-bijoux-dentaires\/"},"author":{"name":"steph","@id":"https:\/\/www.forma-beauty.fr\/#\/schema\/person\/b138ed54255d6b7b3ed7d54b965e7550"},"headline":"Formation Pose de Bijoux Dentaires\u00a0","datePublished":"2025-06-10T15:26:08+00:00","dateModified":"2026-04-09T10:51:58+00:00","mainEntityOfPage":{"@id":"https:\/\/www.forma-beauty.fr\/index.php\/2025\/06\/10\/formation-pose-de-bijoux-dentaires\/"},"wordCount":330,"image":{"@id":"https:\/\/www.forma-beauty.fr\/index.php\/2025\/06\/10\/formation-pose-de-bijoux-dentaires\/#primaryimage"},"thumbnailUrl":"https:\/\/www.forma-beauty.fr\/wp-content\/uploads\/2025\/07\/Pose-de-Bijoux-Dentaires.jpg","keywords":["bijoux dentaires","dents","formation","soin sp\u00e9cifique","sourire"],"articleSection":["Nos formations","Soins sp\u00e9cifiques"],"inLanguage":"fr-FR"},{"@type":"WebPage","@id":"https:\/\/www.forma-beauty.fr\/index.php\/2025\/06\/10\/formation-pose-de-bijoux-dentaires\/","url":"https:\/\/www.forma-beauty.fr\/index.php\/2025\/06\/10\/formation-pose-de-bijoux-dentaires\/","name":"Formation Pose de Bijoux Dentaires\u00a0 \ud83d\udcd6 Forma Beauty","isPartOf":{"@id":"https:\/\/www.forma-beauty.fr\/#website"},"primaryImageOfPage":{"@id":"https:\/\/www.forma-beauty.fr\/index.php\/2025\/06\/10\/formation-pose-de-bijoux-dentaires\/#primaryimage"},"image":{"@id":"https:\/\/www.forma-beauty.fr\/index.php\/2025\/06\/10\/formation-pose-de-bijoux-dentaires\/#primaryimage"},"thumbnailUrl":"https:\/\/www.forma-beauty.fr\/wp-content\/uploads\/2025\/07\/Pose-de-Bijoux-Dentaires.jpg","datePublished":"2025-06-10T15:26:08+00:00","dateModified":"2026-04-09T10:51:58+00:00","author":{"@id":"https:\/\/www.forma-beauty.fr\/#\/schema\/person\/b138ed54255d6b7b3ed7d54b965e7550"},"description":"Formabeauty, centre de formation sp\u00e9cialiste de l'esth\u00e9tique \u00e0 la Seyne-sur-Mer dans le Var, propose une Formation Pose de Bijoux Dentaires","breadcrumb":{"@id":"https:\/\/www.forma-beauty.fr\/index.php\/2025\/06\/10\/formation-pose-de-bijoux-dentaires\/#breadcrumb"},"inLanguage":"fr-FR","potentialAction":[{"@type":"ReadAction","target":["https:\/\/www.forma-beauty.fr\/index.php\/2025\/06\/10\/formation-pose-de-bijoux-dentaires\/"]}]},{"@type":"ImageObject","inLanguage":"fr-FR","@id":"https:\/\/www.forma-beauty.fr\/index.php\/2025\/06\/10\/formation-pose-de-bijoux-dentaires\/#primaryimage","url":"https:\/\/www.forma-beauty.fr\/wp-content\/uploads\/2025\/07\/Pose-de-Bijoux-Dentaires.jpg","contentUrl":"https:\/\/www.forma-beauty.fr\/wp-content\/uploads\/2025\/07\/Pose-de-Bijoux-Dentaires.jpg","width":600,"height":600,"caption":"Formation Pose de Bijoux Dentaires - bouche entrouverte, l\u00e8vres maquill\u00e9es de rouge \u00e0 l\u00e8vre brillant, dents ressemblant \u00e0 des diamants."},{"@type":"BreadcrumbList","@id":"https:\/\/www.forma-beauty.fr\/index.php\/2025\/06\/10\/formation-pose-de-bijoux-dentaires\/#breadcrumb","itemListElement":[{"@type":"ListItem","position":1,"name":"Accueil","item":"https:\/\/www.forma-beauty.fr\/"},{"@type":"ListItem","position":2,"name":"Formation Pose de Bijoux Dentaires\u00a0"}]},{"@type":"WebSite","@id":"https:\/\/www.forma-beauty.fr\/#website","url":"https:\/\/www.forma-beauty.fr\/","name":"Forma Beauty","description":"Centre de formation Beaut\u00e9","potentialAction":[{"@type":"SearchAction","target":{"@type":"EntryPoint","urlTemplate":"https:\/\/www.forma-beauty.fr\/?s={search_term_string}"},"query-input":{"@type":"PropertyValueSpecification","valueRequired":true,"valueName":"search_term_string"}}],"inLanguage":"fr-FR"},{"@type":"Person","@id":"https:\/\/www.forma-beauty.fr\/#\/schema\/person\/b138ed54255d6b7b3ed7d54b965e7550","name":"steph","image":{"@type":"ImageObject","inLanguage":"fr-FR","@id":"https:\/\/secure.gravatar.com\/avatar\/e74d7029390c4aa87f4c1ccdde9238a8e62ab6ebb8fb8d79135e496b5ccdf631?s=96&d=mm&r=g","url":"https:\/\/secure.gravatar.com\/avatar\/e74d7029390c4aa87f4c1ccdde9238a8e62ab6ebb8fb8d79135e496b5ccdf631?s=96&d=mm&r=g","contentUrl":"https:\/\/secure.gravatar.com\/avatar\/e74d7029390c4aa87f4c1ccdde9238a8e62ab6ebb8fb8d79135e496b5ccdf631?s=96&d=mm&r=g","caption":"steph"},"url":"https:\/\/www.forma-beauty.fr\/index.php\/author\/steph\/"}]}},"_links":{"self":[{"href":"https:\/\/www.forma-beauty.fr\/index.php\/wp-json\/wp\/v2\/posts\/5482","targetHints":{"allow":["GET"]}}],"collection":[{"href":"https:\/\/www.forma-beauty.fr\/index.php\/wp-json\/wp\/v2\/posts"}],"about":[{"href":"https:\/\/www.forma-beauty.fr\/index.php\/wp-json\/wp\/v2\/types\/post"}],"author":[{"embeddable":true,"href":"https:\/\/www.forma-beauty.fr\/index.php\/wp-json\/wp\/v2\/users\/5"}],"replies":[{"embeddable":true,"href":"https:\/\/www.forma-beauty.fr\/index.php\/wp-json\/wp\/v2\/comments?post=5482"}],"version-history":[{"count":10,"href":"https:\/\/www.forma-beauty.fr\/index.php\/wp-json\/wp\/v2\/posts\/5482\/revisions"}],"predecessor-version":[{"id":6099,"href":"https:\/\/www.forma-beauty.fr\/index.php\/wp-json\/wp\/v2\/posts\/5482\/revisions\/6099"}],"wp:featuredmedia":[{"embeddable":true,"href":"https:\/\/www.forma-beauty.fr\/index.php\/wp-json\/wp\/v2\/media\/5519"}],"wp:attachment":[{"href":"https:\/\/www.forma-beauty.fr\/index.php\/wp-json\/wp\/v2\/media?parent=5482"}],"wp:term":[{"taxonomy":"category","embeddable":true,"href":"https:\/\/www.forma-beauty.fr\/index.php\/wp-json\/wp\/v2\/categories?post=5482"},{"taxonomy":"post_tag","embeddable":true,"href":"https:\/\/www.forma-beauty.fr\/index.php\/wp-json\/wp\/v2\/tags?post=5482"}],"curies":[{"name":"wp","href":"https:\/\/api.w.org\/{rel}","templated":true}]}}