{"id":4586,"date":"2024-06-07T12:44:07","date_gmt":"2024-06-07T10:44:07","guid":{"rendered":"https:\/\/www.forma-beauty.fr\/?p=4586"},"modified":"2026-04-09T17:50:59","modified_gmt":"2026-04-09T15:50:59","slug":"rs7014-appliquer-les-techniques-de-prothesie-ongulaire-21h","status":"publish","type":"post","link":"https:\/\/www.forma-beauty.fr\/index.php\/2024\/06\/07\/rs7014-appliquer-les-techniques-de-prothesie-ongulaire-21h\/","title":{"rendered":"RS7014 &#8211; Appliquer les techniques de proth\u00e9sie ongulaire &#8211; 21h"},"content":{"rendered":"\n<div class=\"wp-block-columns is-layout-flex wp-container-core-columns-is-layout-9d6595d7 wp-block-columns-is-layout-flex\">\n<div class=\"wp-block-column wp-block-column-left is-layout-flow wp-block-column-is-layout-flow\" style=\"flex-basis:25%\">\n<figure class=\"wp-block-image size-full is-resized\"><img loading=\"lazy\" decoding=\"async\" width=\"1267\" height=\"1267\" src=\"https:\/\/www.forma-beauty.fr\/wp-content\/uploads\/2023\/04\/prothesiste-ongulaire.jpg\" alt=\"Esth\u00e9ticienne dont les mains appliquent avec un pinceau une couche de vernis sur les proth\u00e8ses ongulaires d'une cliente\" class=\"wp-image-3536\" srcset=\"https:\/\/www.forma-beauty.fr\/wp-content\/uploads\/2023\/04\/prothesiste-ongulaire.jpg 1267w, https:\/\/www.forma-beauty.fr\/wp-content\/uploads\/2023\/04\/prothesiste-ongulaire-300x300.jpg 300w, https:\/\/www.forma-beauty.fr\/wp-content\/uploads\/2023\/04\/prothesiste-ongulaire-1024x1024.jpg 1024w, https:\/\/www.forma-beauty.fr\/wp-content\/uploads\/2023\/04\/prothesiste-ongulaire-150x150.jpg 150w, https:\/\/www.forma-beauty.fr\/wp-content\/uploads\/2023\/04\/prothesiste-ongulaire-768x768.jpg 768w\" sizes=\"auto, (max-width: 1267px) 100vw, 1267px\" \/><\/figure>\n\n\n\n<div class=\"wp-block-columns is-layout-flex wp-container-core-columns-is-layout-9d6595d7 wp-block-columns-is-layout-flex\">\n<div class=\"wp-block-column infos-formation is-layout-flow wp-block-column-is-layout-flow\">\n<div class=\"infos-ligne\"><span class=\"duree\">Dur\u00e9e :<\/span> <span class=\"jours\">21 h \/ 3 jours<\/span><\/div>\n\n\n\n<div class=\"infos-ligne\"><span class=\"tarif\">Tarif :<\/span> <span class=\"prix\">1190 <sup>\u20ac TTC<\/sup><\/span><\/div>\n\n\n\n<div class=\"infos-ligne\"><a href=\"https:\/\/www.forma-beauty.fr\/wp-content\/uploads\/2026\/04\/Formabeauty-CPF-ONGLERIE-prothesiste-ongulaire-RS7014-21h.pdf\" class=\"telecharger\">T\u00e9l\u00e9chargez la fiche PDF<\/a><\/div>\n\n\n\n<div class=\"infos-ligne\">\n\t<h3>Centre certificateur :<\/h3>\n\t<p>LS<\/br>7 Avenue de Fabron<\/br>06200 NICE<\/br><a href=\"https:\/\/www.francecompetences.fr\/recherche\/rs\/7014\/\" class=\"\"><img decoding=\"async\" src=\"https:\/\/www.forma-beauty.fr\/wp-content\/uploads\/2023\/07\/france-competences.png\" alt=\"France Comp\u00e9tences\" \/><\/a><\/p><\/div>\n<\/div>\n<\/div>\n\n\n\n<div class=\"wp-block-buttons is-layout-flex wp-block-buttons-is-layout-flex\">\n<div class=\"wp-block-button\"><a class=\"wp-block-button__link wp-element-button\" href=\"\/index.php\/choix-formation\/\">Je participe<\/a><\/div>\n<\/div>\n\n\n\n<h3 class=\"wp-block-heading\">Vous avez un compte CPF&nbsp;?<\/h3>\n\n\n\n<div class=\"wp-block-buttons is-layout-flex wp-block-buttons-is-layout-flex\">\n<div class=\"wp-block-button\"><a class=\"wp-block-button__link wp-element-button\" href=\"https:\/\/www.moncompteformation.gouv.fr\/espace-prive\/html\/#\/formation\/recherche\/41901269500021_FORMABEAUTY002\/41901269500021_FORMABEAUTY002?contexteFormation=ACTIVITE_PROFESSIONNELLE\" target=\"_blank\" rel=\"noreferrer noopener\">Je m&rsquo;inscris \u00e0 cette formation<\/a><\/div>\n<\/div>\n\n\n\n<div class=\"wp-block-columns is-layout-flex wp-container-core-columns-is-layout-9d6595d7 wp-block-columns-is-layout-flex\">\n<div class=\"wp-block-column is-layout-flow wp-block-column-is-layout-flow\">\n<h3 class=\"wp-block-heading\">Paiement jusqu&rsquo;\u00e0 quatre fois avec Alma<\/h3>\n\n\n<div class=\"wp-block-image\">\n<figure class=\"aligncenter size-full\"><a href=\"https:\/\/almapay.com\/fr-FR\" target=\"_blank\" rel=\"noreferrer noopener\"><img loading=\"lazy\" decoding=\"async\" width=\"230\" height=\"65\" src=\"https:\/\/www.forma-beauty.fr\/wp-content\/uploads\/2024\/11\/Alma-230px.png\" alt=\"Alma - solution de paiement en plusieurs fois flexible et garanti\" class=\"wp-image-4715\" style=\"object-fit:cover\"\/><\/a><\/figure>\n<\/div>\n\n\n<h3 class=\"wp-block-heading\">Dispositifs de financement :<\/h3>\n\n\n\n<div class=\"wp-block-buttons is-layout-flex wp-block-buttons-is-layout-flex\">\n<div class=\"wp-block-button\"><a class=\"wp-block-button__link wp-element-button\" href=\"\/index.php\/a-propos\/modalites-de-financement\/\" target=\"_blank\" rel=\"noreferrer noopener\">Voir les modalit\u00e9s de financement<\/a><\/div>\n<\/div>\n\n\n\n<figure class=\"wp-block-gallery aligncenter has-nested-images columns-1 wp-block-gallery-1 is-layout-flex wp-block-gallery-is-layout-flex\">\n<figure class=\"wp-block-image size-full\"><img decoding=\"async\" data-id=\"4714\" src=\"https:\/\/www.forma-beauty.fr\/wp-content\/uploads\/2024\/11\/Uniformation-260px.png\" alt=\"Uniformation - L'Opco de la coh\u00e9sion sociale\" class=\"wp-image-4714\"\/><\/figure>\n\n\n\n<figure class=\"wp-block-image size-full\"><img loading=\"lazy\" decoding=\"async\" width=\"230\" height=\"75\" data-id=\"4713\" src=\"https:\/\/www.forma-beauty.fr\/wp-content\/uploads\/2024\/11\/Atlas-230px.png\" alt=\"Atlas - Opco Atlas, op\u00e9rateur de comp\u00e9tences des services financiers et du conseil\" class=\"wp-image-4713\"\/><\/figure>\n\n\n\n<figure class=\"wp-block-image size-full\"><img loading=\"lazy\" decoding=\"async\" width=\"130\" height=\"130\" data-id=\"4712\" src=\"https:\/\/www.forma-beauty.fr\/wp-content\/uploads\/2024\/11\/agefice-130px.png\" alt=\"AGEFICE - Assurance Formation des Travailleurs non salari\u00e9s des secteurs du commerce, de l'industrie et des services\" class=\"wp-image-4712\"\/><\/figure>\n\n\n\n<figure class=\"wp-block-image size-full\"><img loading=\"lazy\" decoding=\"async\" width=\"230\" height=\"74\" data-id=\"4711\" src=\"https:\/\/www.forma-beauty.fr\/wp-content\/uploads\/2024\/11\/AFDAS-230px.png\" alt=\"AFDAS - demain sera formation - Assurance Formation Des Activit\u00e9s du Spectacle\" class=\"wp-image-4711\"\/><\/figure>\n\n\n\n<figure class=\"wp-block-image size-full\"><img loading=\"lazy\" decoding=\"async\" width=\"140\" height=\"120\" data-id=\"4710\" src=\"https:\/\/www.forma-beauty.fr\/wp-content\/uploads\/2024\/11\/OCAPIAT-140px.png\" alt=\"OCAPIAT - Op\u00e9rateur de Comp\u00e9tences pour la Coop\u00e9ration agricole, l'Agriculture, la P\u00eache, l'Industrie Agroalimentaire et les Territoires\" class=\"wp-image-4710\"\/><\/figure>\n\n\n\n<figure class=\"wp-block-image size-full\"><img loading=\"lazy\" decoding=\"async\" width=\"180\" height=\"86\" data-id=\"4709\" src=\"https:\/\/www.forma-beauty.fr\/wp-content\/uploads\/2024\/11\/FAFCEA-180px.png\" alt=\"FAFCEA - Fonds d'Assurance Formation des Chefs d'Entreprise Artisanale\" class=\"wp-image-4709\"\/><\/figure>\n\n\n\n<figure class=\"wp-block-image size-full\"><img loading=\"lazy\" decoding=\"async\" width=\"170\" height=\"94\" data-id=\"4708\" src=\"https:\/\/www.forma-beauty.fr\/wp-content\/uploads\/2024\/11\/constructys-170px.png\" alt=\"Constructys - Votre partenaire comp\u00e9tences\" class=\"wp-image-4708\"\/><\/figure>\n\n\n\n<figure class=\"wp-block-image size-full\"><img loading=\"lazy\" decoding=\"async\" width=\"180\" height=\"87\" data-id=\"4706\" src=\"https:\/\/www.forma-beauty.fr\/wp-content\/uploads\/2024\/11\/CNAIB-180px.png\" alt=\"CNAIB SPA - Conf\u00e9d\u00e9ration Nationale Artisanale des Instituts de Beaut\u00e9 et Spas\" class=\"wp-image-4706\"\/><\/figure>\n\n\n\n<figure class=\"wp-block-image size-full\"><img loading=\"lazy\" decoding=\"async\" width=\"180\" height=\"91\" data-id=\"4705\" src=\"https:\/\/www.forma-beauty.fr\/wp-content\/uploads\/2024\/11\/CPF-180px.png\" alt=\"CPF - Mon Compte Formation\" class=\"wp-image-4705\"\/><\/figure>\n<\/figure>\n<\/div>\n<\/div>\n<\/div>\n\n\n\n<div class=\"wp-block-column wp-block-column-right is-layout-flow wp-block-column-is-layout-flow\" style=\"flex-basis:75%\">\n<h2 class=\"wp-block-heading\">Pr\u00e9sentation<\/h2>\n\n\n\n<p>Le secteur de la proth\u00e9sie ongulaire ne cesse de se d\u00e9velopper : bars \u00e0 ongles, nail trucks, salons, instituts, spas sont autant de lieux de prestations qui continuent d\u2019attirer de plus en plus de monde. Ainsi, une offre de formation en ad\u00e9quation avec les nouvelles tendances est indispensable pour les professionnels d\u2019aujourd\u2019hui et de demain. Cette certification permet de disposer des comp\u00e9tences professionnelles n\u00e9cessaires \u00e0 la r\u00e9alisation d\u2019une prestation de proth\u00e9sie ongulaire.<\/p>\n\n\n\n<h2 class=\"wp-block-heading\" id=\"Objectifs\">Objectifs p\u00e9dagogiques &amp; niveau vis\u00e9<\/h2>\n\n\n\n<ul class=\"wp-block-list\">\n<li>D\u00e9finir le projet en proth\u00e9sie ongulaire en interrogeant la client\u00e8le sur diff\u00e9rents crit\u00e8res ; en tenant compte de ses pr\u00e9f\u00e9rences tout en informant sur les risques \u00e9ventuels ainsi que sur les bonnes pratiques \u00e0 tenir et en prenant en compte les \u00e9ventuelles situations de handicap afin de proposer une prestation coh\u00e9rente face au besoin client.<\/li>\n\n\n\n<li>Pr\u00e9parer son plan de travail en disposant le mat\u00e9riel et les consommables n\u00e9cessaires ; en respectant une logique continue d\u2019aseptisation, tout en consid\u00e9rant les \u00e9tapes d\u2019intervention, pour d\u00e9buter la prestation dans une organisation optimale et s\u00e9curis\u00e9e.<\/li>\n\n\n\n<li>Pr\u00e9parer l\u2019ongle naturel en l\u2019ajustant avec une lime, en repoussant d\u00e9licatement les cuticules, et en appliquant les produits n\u00e9cessaires pour pr\u00e9parer la base avant de poser la proth\u00e8se.<\/li>\n\n\n\n<li>R\u00e9aliser une extension d\u2019ongle au moyen de la m\u00e9thode popit en utilisant les produits ad\u00e9quats et en respectant le protocole afin de rallonger l\u2019ongle \u00e0 la longueur souhait\u00e9e.<\/li>\n\n\n\n<li>R\u00e9aliser une extension d\u2019ongle avec la capsule am\u00e9ricaine en utilisant les produits et mat\u00e9riaux ad\u00e9quats afin de rallonger l\u2019ongle et d\u2019obtenir le r\u00e9sultat souhait\u00e9 par le client.<\/li>\n\n\n\n<li>R\u00e9aliser une extension d\u2019ongle avec la m\u00e9thode chablon en respectant les \u00e9tapes et le protocole ad\u00e9quat afin de pouvoir rallonger l\u2019ongle naturel \u00e0 la longueur souhait\u00e9e.<\/li>\n\n\n\n<li>R\u00e9aliser une extension d\u2019ongle avec une capsule dite \u00ab classique \u00bb en respectant les \u00e9tapes du protocole et en utilisant les bons produits afin d\u2019allonger l\u2019ongle naturel.<\/li>\n\n\n\n<li>R\u00e9aliser la construction de l\u2019ongle en respectant les proc\u00e9dures selon le type de rallongement, chablon, popit, capsule classique afin de pouvoir solidifier l\u2019ongle et garantir une tenue de la prestation dans le temps.<\/li>\n\n\n\n<li>Fa\u00e7onner les ongles en respectant les proc\u00e9dures de l\u2019image et en limant les ongles selon la forme souhait\u00e9e pour obtenir la forme attendue par le client.<\/li>\n\n\n\n<li>R\u00e9aliser une d\u00e9pose de proth\u00e8se ongulaire \u00e0 l\u2019aide d\u2019une ponceuse et en respectant le protocole en vigueur afin de retrouver l\u2019ongle naturel.<\/li>\n\n\n\n<li>R\u00e9aliser un remplissage de proth\u00e8se ongulaire \u00e0 l\u2019aide d\u2019une ponceuse et du gel adapt\u00e9 afin de combler la repousse de l\u2019ongle.<\/li>\n\n\n\n<li>R\u00e9aliser une d\u00e9coration d\u2019ongle au moyen des diff\u00e9rentes techniques : french, pose de couleur, babyboomer, lignes fines ou effets poudre, en utilisant les produits ad\u00e9quats afin de venir embellir l\u2019ongle.<\/li>\n<\/ul>\n\n\n\n<h2 class=\"wp-block-heading\" id=\"Programme\">Programme<\/h2>\n\n\n\n<h3 class=\"wp-block-heading\">Jour 1<\/h3>\n\n\n\n<h4 class=\"wp-block-heading\">Matin (3h)<\/h4>\n\n\n\n<h5 class=\"wp-block-heading\">Th\u00e8mes abord\u00e9s<\/h5>\n\n\n\n<ul class=\"wp-block-list\">\n<li>Accueil et pr\u00e9sentation de la formation, cadre RS7014.<\/li>\n\n\n\n<li>Hygi\u00e8ne, s\u00e9curit\u00e9 et protocoles professionnels.<\/li>\n\n\n\n<li>Anatomie de l\u2019ongle et pathologies courantes.<\/li>\n\n\n\n<li>Pr\u00e9sentation du mat\u00e9riel, produits et normes CE.<\/li>\n\n\n\n<li>Analyse du besoin client : \n<ul class=\"wp-block-list\">\n<li>attentes esth\u00e9tiques,<\/li>\n\n\n\n<li>habitudes de vie,<\/li>\n\n\n\n<li>contre-indications,<\/li>\n\n\n\n<li>fr\u00e9quence d\u2019entretien.<\/li>\n<\/ul>\n<\/li>\n<\/ul>\n\n\n\n<h5 class=\"wp-block-heading\">M\u00e9thodes p\u00e9dagogiques<\/h5>\n\n\n\n<ul class=\"wp-block-list\">\n<li>\u00c9changes interactifs.<\/li>\n\n\n\n<li>Jeux de r\u00f4le : entretien client.<\/li>\n<\/ul>\n\n\n\n<h4 class=\"wp-block-heading\">Apr\u00e8s-midi (4h)<\/h4>\n\n\n\n<h5 class=\"wp-block-heading\">Th\u00e8mes abord\u00e9s<\/h5>\n\n\n\n<ul class=\"wp-block-list\">\n<li>Organisation du poste de travail et aseptisation.<\/li>\n\n\n\n<li>Pr\u00e9paration de l\u2019ongle naturel : repousser les cuticules, limage et mise en forme, d\u00e9graissage, pr\u00e9paration de la base.<\/li>\n<\/ul>\n\n\n\n<h5 class=\"wp-block-heading\">M\u00e9thodes p\u00e9dagogiques<\/h5>\n\n\n\n<ul class=\"wp-block-list\">\n<li>D\u00e9monstration.<\/li>\n\n\n\n<li>pratique guid\u00e9e.<\/li>\n\n\n\n<li>Corrections individualis\u00e9es.<\/li>\n<\/ul>\n\n\n\n<h3 class=\"wp-block-heading\">Jour 2<\/h3>\n\n\n\n<h4 class=\"wp-block-heading\">Matin (3h)<\/h4>\n\n\n\n<h5 class=\"wp-block-heading\">Th\u00e8mes abord\u00e9s<\/h5>\n\n\n\n<p>Pr\u00e9sentation des techniques d\u2019extension :<\/p>\n\n\n\n<ul class=\"wp-block-list\">\n<li>Capsule classique,<\/li>\n\n\n\n<li>Capsule am\u00e9ricaine,<\/li>\n\n\n\n<li>Chablon,<\/li>\n\n\n\n<li>Popit,<\/li>\n\n\n\n<li>Gel X \u00ab Easy Caps \u00bb.<\/li>\n\n\n\n<li>Choix de la technique selon la morphologie de l\u2019ongle.<\/li>\n\n\n\n<li>Protocoles d\u2019hygi\u00e8ne sp\u00e9cifiques.<\/li>\n<\/ul>\n\n\n\n<h5 class=\"wp-block-heading\">M\u00e9thodes p\u00e9dagogiques<\/h5>\n\n\n\n<ul class=\"wp-block-list\">\n<li>D\u00e9monstrations comparatives.<\/li>\n\n\n\n<li>Analyse de cas pratiques.<\/li>\n<\/ul>\n\n\n\n<h4 class=\"wp-block-heading\">Apr\u00e8s-midi (4h)<\/h4>\n\n\n\n<h5 class=\"wp-block-heading\">Th\u00e8mes abord\u00e9s<\/h5>\n\n\n\n<ul class=\"wp-block-list\">\n<li>Pose d\u2019extensions : capsule classique, capsule am\u00e9ricaine, introduction Gel X.<\/li>\n\n\n\n<li>Application des gels et catalysation.<\/li>\n\n\n\n<li>Construction du bomb\u00e9 et solidit\u00e9 de la structure.<\/li>\n<\/ul>\n\n\n\n<h5 class=\"wp-block-heading\">M\u00e9thodes p\u00e9dagogiques<\/h5>\n\n\n\n<ul class=\"wp-block-list\">\n<li>D\u00e9monstration + pratique individuelle.<\/li>\n\n\n\n<li>Feedback formatrice.<\/li>\n<\/ul>\n\n\n\n<h3 class=\"wp-block-heading\">Jour 3<\/h3>\n\n\n\n<h4 class=\"wp-block-heading\">Matin (3h)<\/h4>\n\n\n\n<h5 class=\"wp-block-heading\">Th\u00e8mes abord\u00e9s<\/h5>\n\n\n\n<p>Fa\u00e7onnage et finitions :<\/p>\n\n\n\n<ul class=\"wp-block-list\">\n<li>Techniques de limage,<\/li>\n\n\n\n<li>mise en forme professionnelle,<\/li>\n\n\n\n<li>homog\u00e9n\u00e9it\u00e9 et r\u00e9gularit\u00e9.<\/li>\n\n\n\n<li>D\u00e9corations tendances (initiation) : French manucure, babyboomer, pose de couleur, effets poudres \/ paillettes.<\/li>\n<\/ul>\n\n\n\n<h5 class=\"wp-block-heading\">M\u00e9thodes p\u00e9dagogiques<\/h5>\n\n\n\n<ul class=\"wp-block-list\">\n<li>Exercices pratiques.<\/li>\n\n\n\n<li>Suivi individuel.<\/li>\n<\/ul>\n\n\n\n<h4 class=\"wp-block-heading\">Apr\u00e8s-midi (4h)<\/h4>\n\n\n\n<h5 class=\"wp-block-heading\">Th\u00e8mes abord\u00e9s<\/h5>\n\n\n\n<ul class=\"wp-block-list\">\n<li>Remplissage et correction de repousse.<\/li>\n\n\n\n<li>D\u00e9pose s\u00e9curis\u00e9e \u00e0 la ponceuse.<\/li>\n\n\n\n<li>Pr\u00e9servation de l\u2019ongle naturel.<\/li>\n\n\n\n<li>Soin et hydratation.<\/li>\n<\/ul>\n\n\n\n<h4 class=\"wp-block-heading\">\u00c9VALUATION CERTIFICATION RS7014<\/h4>\n\n\n\n<h5 class=\"wp-block-heading\">\u00c9preuve \u00e9crite (QCM \u2013 20 min)<\/h5>\n\n\n\n<ul class=\"wp-block-list\">\n<li>Questions sur : hygi\u00e8ne, mat\u00e9riel, protocoles, choix techniques.<\/li>\n<\/ul>\n\n\n\n<h5 class=\"wp-block-heading\">\u00c9preuve Pratique (3 h)<\/h5>\n\n\n\n<ul class=\"wp-block-list\">\n<li>Mise en situation sur mod\u00e8le r\u00e9el : extension tir\u00e9e au sort (capsule, chablon, popit, Gel X), modelage et fa\u00e7onnage, d\u00e9coration, entretien.<\/li>\n<\/ul>\n<\/div>\n<\/div>\n\n\n<\/div>","protected":false},"excerpt":{"rendered":"<p>Dur\u00e9e : 21 h \/ 3 jours Tarif : 1190 \u20ac TTC T\u00e9l\u00e9chargez la fiche PDF Centre certificateur : LS7 Avenue de Fabron06200 NICE Vous avez un compte CPF&nbsp;? Paiement jusqu&rsquo;\u00e0 quatre fois avec Alma Dispositifs de financement : Pr\u00e9sentation Le secteur de la proth\u00e9sie ongulaire ne cesse de se d\u00e9velopper : bars \u00e0 ongles,&hellip;<\/p>\n","protected":false},"author":5,"featured_media":3536,"comment_status":"closed","ping_status":"closed","sticky":false,"template":"","format":"standard","meta":{"footnotes":""},"categories":[160,103],"tags":[106,159,158,21,125],"class_list":["post-4586","post","type-post","status-publish","format-standard","has-post-thumbnail","hentry","category-formation-cpf-rs7014","category-formations-cpf","tag-formation-cpf","tag-formation-cpf-rs6357","tag-mains","tag-ongles","tag-prothesiste","category-160","category-103","description-off"],"yoast_head":"<!-- This site is optimized with the Yoast SEO plugin v27.5 - https:\/\/yoast.com\/product\/yoast-seo-wordpress\/ -->\n<title>RS7014 - Appliquer les techniques de proth\u00e9sie ongulaire - 21h \ud83d\udcd6 Forma Beauty<\/title>\n<meta name=\"description\" content=\"Formabeauty, centre de formation sp\u00e9cialiste de l&#039;esth\u00e9tique \u00e0 la Seyne-sur-Mer dans le Var, propose une formation professionnelle CPF de 21h : proth\u00e9siste ongulaire, pose de faux ongles en gel, french manucure\" \/>\n<meta name=\"robots\" content=\"index, follow, max-snippet:-1, max-image-preview:large, max-video-preview:-1\" \/>\n<link rel=\"canonical\" href=\"https:\/\/www.forma-beauty.fr\/index.php\/2024\/06\/07\/rs7014-appliquer-les-techniques-de-prothesie-ongulaire-21h\/\" \/>\n<meta property=\"og:locale\" content=\"fr_FR\" \/>\n<meta property=\"og:type\" content=\"article\" \/>\n<meta property=\"og:title\" content=\"RS7014 - Appliquer les techniques de proth\u00e9sie ongulaire - 21h \ud83d\udcd6 Forma Beauty\" \/>\n<meta property=\"og:description\" content=\"Formabeauty, centre de formation sp\u00e9cialiste de l&#039;esth\u00e9tique \u00e0 la Seyne-sur-Mer dans le Var, propose une formation professionnelle CPF de 21h : proth\u00e9siste ongulaire, pose de faux ongles en gel, french manucure\" \/>\n<meta property=\"og:url\" content=\"https:\/\/www.forma-beauty.fr\/index.php\/2024\/06\/07\/rs7014-appliquer-les-techniques-de-prothesie-ongulaire-21h\/\" \/>\n<meta property=\"og:site_name\" content=\"Forma Beauty\" \/>\n<meta property=\"article:published_time\" content=\"2024-06-07T10:44:07+00:00\" \/>\n<meta property=\"article:modified_time\" content=\"2026-04-09T15:50:59+00:00\" \/>\n<meta property=\"og:image\" content=\"https:\/\/www.forma-beauty.fr\/wp-content\/uploads\/2023\/04\/prothesiste-ongulaire.jpg\" \/>\n\t<meta property=\"og:image:width\" content=\"1267\" \/>\n\t<meta property=\"og:image:height\" content=\"1267\" \/>\n\t<meta property=\"og:image:type\" content=\"image\/jpeg\" \/>\n<meta name=\"author\" content=\"steph\" \/>\n<meta name=\"twitter:card\" content=\"summary_large_image\" \/>\n<meta name=\"twitter:label1\" content=\"\u00c9crit par\" \/>\n\t<meta name=\"twitter:data1\" content=\"steph\" \/>\n\t<meta name=\"twitter:label2\" content=\"Dur\u00e9e de lecture estim\u00e9e\" \/>\n\t<meta name=\"twitter:data2\" content=\"7 minutes\" \/>\n<script type=\"application\/ld+json\" class=\"yoast-schema-graph\">{\"@context\":\"https:\\\/\\\/schema.org\",\"@graph\":[{\"@type\":\"Article\",\"@id\":\"https:\\\/\\\/www.forma-beauty.fr\\\/index.php\\\/2024\\\/06\\\/07\\\/rs7014-appliquer-les-techniques-de-prothesie-ongulaire-21h\\\/#article\",\"isPartOf\":{\"@id\":\"https:\\\/\\\/www.forma-beauty.fr\\\/index.php\\\/2024\\\/06\\\/07\\\/rs7014-appliquer-les-techniques-de-prothesie-ongulaire-21h\\\/\"},\"author\":{\"name\":\"steph\",\"@id\":\"https:\\\/\\\/www.forma-beauty.fr\\\/#\\\/schema\\\/person\\\/b138ed54255d6b7b3ed7d54b965e7550\"},\"headline\":\"RS7014 &#8211; Appliquer les techniques de proth\u00e9sie ongulaire &#8211; 21h\",\"datePublished\":\"2024-06-07T10:44:07+00:00\",\"dateModified\":\"2026-04-09T15:50:59+00:00\",\"mainEntityOfPage\":{\"@id\":\"https:\\\/\\\/www.forma-beauty.fr\\\/index.php\\\/2024\\\/06\\\/07\\\/rs7014-appliquer-les-techniques-de-prothesie-ongulaire-21h\\\/\"},\"wordCount\":891,\"image\":{\"@id\":\"https:\\\/\\\/www.forma-beauty.fr\\\/index.php\\\/2024\\\/06\\\/07\\\/rs7014-appliquer-les-techniques-de-prothesie-ongulaire-21h\\\/#primaryimage\"},\"thumbnailUrl\":\"https:\\\/\\\/www.forma-beauty.fr\\\/wp-content\\\/uploads\\\/2023\\\/04\\\/prothesiste-ongulaire.jpg\",\"keywords\":[\"formation CPF\",\"formation CPF RS6357\",\"mains\",\"ongles\",\"proth\u00e9siste\"],\"articleSection\":[\"Formation CPF RS7014\",\"Formations CPF\"],\"inLanguage\":\"fr-FR\"},{\"@type\":\"WebPage\",\"@id\":\"https:\\\/\\\/www.forma-beauty.fr\\\/index.php\\\/2024\\\/06\\\/07\\\/rs7014-appliquer-les-techniques-de-prothesie-ongulaire-21h\\\/\",\"url\":\"https:\\\/\\\/www.forma-beauty.fr\\\/index.php\\\/2024\\\/06\\\/07\\\/rs7014-appliquer-les-techniques-de-prothesie-ongulaire-21h\\\/\",\"name\":\"RS7014 - Appliquer les techniques de proth\u00e9sie ongulaire - 21h \ud83d\udcd6 Forma Beauty\",\"isPartOf\":{\"@id\":\"https:\\\/\\\/www.forma-beauty.fr\\\/#website\"},\"primaryImageOfPage\":{\"@id\":\"https:\\\/\\\/www.forma-beauty.fr\\\/index.php\\\/2024\\\/06\\\/07\\\/rs7014-appliquer-les-techniques-de-prothesie-ongulaire-21h\\\/#primaryimage\"},\"image\":{\"@id\":\"https:\\\/\\\/www.forma-beauty.fr\\\/index.php\\\/2024\\\/06\\\/07\\\/rs7014-appliquer-les-techniques-de-prothesie-ongulaire-21h\\\/#primaryimage\"},\"thumbnailUrl\":\"https:\\\/\\\/www.forma-beauty.fr\\\/wp-content\\\/uploads\\\/2023\\\/04\\\/prothesiste-ongulaire.jpg\",\"datePublished\":\"2024-06-07T10:44:07+00:00\",\"dateModified\":\"2026-04-09T15:50:59+00:00\",\"author\":{\"@id\":\"https:\\\/\\\/www.forma-beauty.fr\\\/#\\\/schema\\\/person\\\/b138ed54255d6b7b3ed7d54b965e7550\"},\"description\":\"Formabeauty, centre de formation sp\u00e9cialiste de l'esth\u00e9tique \u00e0 la Seyne-sur-Mer dans le Var, propose une formation professionnelle CPF de 21h : proth\u00e9siste ongulaire, pose de faux ongles en gel, french manucure\",\"breadcrumb\":{\"@id\":\"https:\\\/\\\/www.forma-beauty.fr\\\/index.php\\\/2024\\\/06\\\/07\\\/rs7014-appliquer-les-techniques-de-prothesie-ongulaire-21h\\\/#breadcrumb\"},\"inLanguage\":\"fr-FR\",\"potentialAction\":[{\"@type\":\"ReadAction\",\"target\":[\"https:\\\/\\\/www.forma-beauty.fr\\\/index.php\\\/2024\\\/06\\\/07\\\/rs7014-appliquer-les-techniques-de-prothesie-ongulaire-21h\\\/\"]}]},{\"@type\":\"ImageObject\",\"inLanguage\":\"fr-FR\",\"@id\":\"https:\\\/\\\/www.forma-beauty.fr\\\/index.php\\\/2024\\\/06\\\/07\\\/rs7014-appliquer-les-techniques-de-prothesie-ongulaire-21h\\\/#primaryimage\",\"url\":\"https:\\\/\\\/www.forma-beauty.fr\\\/wp-content\\\/uploads\\\/2023\\\/04\\\/prothesiste-ongulaire.jpg\",\"contentUrl\":\"https:\\\/\\\/www.forma-beauty.fr\\\/wp-content\\\/uploads\\\/2023\\\/04\\\/prothesiste-ongulaire.jpg\",\"width\":1267,\"height\":1267,\"caption\":\"Formation proth\u00e9siste ongulaire\"},{\"@type\":\"BreadcrumbList\",\"@id\":\"https:\\\/\\\/www.forma-beauty.fr\\\/index.php\\\/2024\\\/06\\\/07\\\/rs7014-appliquer-les-techniques-de-prothesie-ongulaire-21h\\\/#breadcrumb\",\"itemListElement\":[{\"@type\":\"ListItem\",\"position\":1,\"name\":\"Accueil\",\"item\":\"https:\\\/\\\/www.forma-beauty.fr\\\/\"},{\"@type\":\"ListItem\",\"position\":2,\"name\":\"RS7014 &#8211; Appliquer les techniques de proth\u00e9sie ongulaire &#8211; 21h\"}]},{\"@type\":\"WebSite\",\"@id\":\"https:\\\/\\\/www.forma-beauty.fr\\\/#website\",\"url\":\"https:\\\/\\\/www.forma-beauty.fr\\\/\",\"name\":\"Forma Beauty\",\"description\":\"Centre de formation Beaut\u00e9\",\"potentialAction\":[{\"@type\":\"SearchAction\",\"target\":{\"@type\":\"EntryPoint\",\"urlTemplate\":\"https:\\\/\\\/www.forma-beauty.fr\\\/?s={search_term_string}\"},\"query-input\":{\"@type\":\"PropertyValueSpecification\",\"valueRequired\":true,\"valueName\":\"search_term_string\"}}],\"inLanguage\":\"fr-FR\"},{\"@type\":\"Person\",\"@id\":\"https:\\\/\\\/www.forma-beauty.fr\\\/#\\\/schema\\\/person\\\/b138ed54255d6b7b3ed7d54b965e7550\",\"name\":\"steph\",\"image\":{\"@type\":\"ImageObject\",\"inLanguage\":\"fr-FR\",\"@id\":\"https:\\\/\\\/secure.gravatar.com\\\/avatar\\\/e74d7029390c4aa87f4c1ccdde9238a8e62ab6ebb8fb8d79135e496b5ccdf631?s=96&d=mm&r=g\",\"url\":\"https:\\\/\\\/secure.gravatar.com\\\/avatar\\\/e74d7029390c4aa87f4c1ccdde9238a8e62ab6ebb8fb8d79135e496b5ccdf631?s=96&d=mm&r=g\",\"contentUrl\":\"https:\\\/\\\/secure.gravatar.com\\\/avatar\\\/e74d7029390c4aa87f4c1ccdde9238a8e62ab6ebb8fb8d79135e496b5ccdf631?s=96&d=mm&r=g\",\"caption\":\"steph\"},\"url\":\"https:\\\/\\\/www.forma-beauty.fr\\\/index.php\\\/author\\\/steph\\\/\"}]}<\/script>\n<!-- \/ Yoast SEO plugin. -->","yoast_head_json":{"title":"RS7014 - Appliquer les techniques de proth\u00e9sie ongulaire - 21h \ud83d\udcd6 Forma Beauty","description":"Formabeauty, centre de formation sp\u00e9cialiste de l'esth\u00e9tique \u00e0 la Seyne-sur-Mer dans le Var, propose une formation professionnelle CPF de 21h : proth\u00e9siste ongulaire, pose de faux ongles en gel, french manucure","robots":{"index":"index","follow":"follow","max-snippet":"max-snippet:-1","max-image-preview":"max-image-preview:large","max-video-preview":"max-video-preview:-1"},"canonical":"https:\/\/www.forma-beauty.fr\/index.php\/2024\/06\/07\/rs7014-appliquer-les-techniques-de-prothesie-ongulaire-21h\/","og_locale":"fr_FR","og_type":"article","og_title":"RS7014 - Appliquer les techniques de proth\u00e9sie ongulaire - 21h \ud83d\udcd6 Forma Beauty","og_description":"Formabeauty, centre de formation sp\u00e9cialiste de l'esth\u00e9tique \u00e0 la Seyne-sur-Mer dans le Var, propose une formation professionnelle CPF de 21h : proth\u00e9siste ongulaire, pose de faux ongles en gel, french manucure","og_url":"https:\/\/www.forma-beauty.fr\/index.php\/2024\/06\/07\/rs7014-appliquer-les-techniques-de-prothesie-ongulaire-21h\/","og_site_name":"Forma Beauty","article_published_time":"2024-06-07T10:44:07+00:00","article_modified_time":"2026-04-09T15:50:59+00:00","og_image":[{"width":1267,"height":1267,"url":"https:\/\/www.forma-beauty.fr\/wp-content\/uploads\/2023\/04\/prothesiste-ongulaire.jpg","type":"image\/jpeg"}],"author":"steph","twitter_card":"summary_large_image","twitter_misc":{"\u00c9crit par":"steph","Dur\u00e9e de lecture estim\u00e9e":"7 minutes"},"schema":{"@context":"https:\/\/schema.org","@graph":[{"@type":"Article","@id":"https:\/\/www.forma-beauty.fr\/index.php\/2024\/06\/07\/rs7014-appliquer-les-techniques-de-prothesie-ongulaire-21h\/#article","isPartOf":{"@id":"https:\/\/www.forma-beauty.fr\/index.php\/2024\/06\/07\/rs7014-appliquer-les-techniques-de-prothesie-ongulaire-21h\/"},"author":{"name":"steph","@id":"https:\/\/www.forma-beauty.fr\/#\/schema\/person\/b138ed54255d6b7b3ed7d54b965e7550"},"headline":"RS7014 &#8211; Appliquer les techniques de proth\u00e9sie ongulaire &#8211; 21h","datePublished":"2024-06-07T10:44:07+00:00","dateModified":"2026-04-09T15:50:59+00:00","mainEntityOfPage":{"@id":"https:\/\/www.forma-beauty.fr\/index.php\/2024\/06\/07\/rs7014-appliquer-les-techniques-de-prothesie-ongulaire-21h\/"},"wordCount":891,"image":{"@id":"https:\/\/www.forma-beauty.fr\/index.php\/2024\/06\/07\/rs7014-appliquer-les-techniques-de-prothesie-ongulaire-21h\/#primaryimage"},"thumbnailUrl":"https:\/\/www.forma-beauty.fr\/wp-content\/uploads\/2023\/04\/prothesiste-ongulaire.jpg","keywords":["formation CPF","formation CPF RS6357","mains","ongles","proth\u00e9siste"],"articleSection":["Formation CPF RS7014","Formations CPF"],"inLanguage":"fr-FR"},{"@type":"WebPage","@id":"https:\/\/www.forma-beauty.fr\/index.php\/2024\/06\/07\/rs7014-appliquer-les-techniques-de-prothesie-ongulaire-21h\/","url":"https:\/\/www.forma-beauty.fr\/index.php\/2024\/06\/07\/rs7014-appliquer-les-techniques-de-prothesie-ongulaire-21h\/","name":"RS7014 - Appliquer les techniques de proth\u00e9sie ongulaire - 21h \ud83d\udcd6 Forma Beauty","isPartOf":{"@id":"https:\/\/www.forma-beauty.fr\/#website"},"primaryImageOfPage":{"@id":"https:\/\/www.forma-beauty.fr\/index.php\/2024\/06\/07\/rs7014-appliquer-les-techniques-de-prothesie-ongulaire-21h\/#primaryimage"},"image":{"@id":"https:\/\/www.forma-beauty.fr\/index.php\/2024\/06\/07\/rs7014-appliquer-les-techniques-de-prothesie-ongulaire-21h\/#primaryimage"},"thumbnailUrl":"https:\/\/www.forma-beauty.fr\/wp-content\/uploads\/2023\/04\/prothesiste-ongulaire.jpg","datePublished":"2024-06-07T10:44:07+00:00","dateModified":"2026-04-09T15:50:59+00:00","author":{"@id":"https:\/\/www.forma-beauty.fr\/#\/schema\/person\/b138ed54255d6b7b3ed7d54b965e7550"},"description":"Formabeauty, centre de formation sp\u00e9cialiste de l'esth\u00e9tique \u00e0 la Seyne-sur-Mer dans le Var, propose une formation professionnelle CPF de 21h : proth\u00e9siste ongulaire, pose de faux ongles en gel, french manucure","breadcrumb":{"@id":"https:\/\/www.forma-beauty.fr\/index.php\/2024\/06\/07\/rs7014-appliquer-les-techniques-de-prothesie-ongulaire-21h\/#breadcrumb"},"inLanguage":"fr-FR","potentialAction":[{"@type":"ReadAction","target":["https:\/\/www.forma-beauty.fr\/index.php\/2024\/06\/07\/rs7014-appliquer-les-techniques-de-prothesie-ongulaire-21h\/"]}]},{"@type":"ImageObject","inLanguage":"fr-FR","@id":"https:\/\/www.forma-beauty.fr\/index.php\/2024\/06\/07\/rs7014-appliquer-les-techniques-de-prothesie-ongulaire-21h\/#primaryimage","url":"https:\/\/www.forma-beauty.fr\/wp-content\/uploads\/2023\/04\/prothesiste-ongulaire.jpg","contentUrl":"https:\/\/www.forma-beauty.fr\/wp-content\/uploads\/2023\/04\/prothesiste-ongulaire.jpg","width":1267,"height":1267,"caption":"Formation proth\u00e9siste ongulaire"},{"@type":"BreadcrumbList","@id":"https:\/\/www.forma-beauty.fr\/index.php\/2024\/06\/07\/rs7014-appliquer-les-techniques-de-prothesie-ongulaire-21h\/#breadcrumb","itemListElement":[{"@type":"ListItem","position":1,"name":"Accueil","item":"https:\/\/www.forma-beauty.fr\/"},{"@type":"ListItem","position":2,"name":"RS7014 &#8211; Appliquer les techniques de proth\u00e9sie ongulaire &#8211; 21h"}]},{"@type":"WebSite","@id":"https:\/\/www.forma-beauty.fr\/#website","url":"https:\/\/www.forma-beauty.fr\/","name":"Forma Beauty","description":"Centre de formation Beaut\u00e9","potentialAction":[{"@type":"SearchAction","target":{"@type":"EntryPoint","urlTemplate":"https:\/\/www.forma-beauty.fr\/?s={search_term_string}"},"query-input":{"@type":"PropertyValueSpecification","valueRequired":true,"valueName":"search_term_string"}}],"inLanguage":"fr-FR"},{"@type":"Person","@id":"https:\/\/www.forma-beauty.fr\/#\/schema\/person\/b138ed54255d6b7b3ed7d54b965e7550","name":"steph","image":{"@type":"ImageObject","inLanguage":"fr-FR","@id":"https:\/\/secure.gravatar.com\/avatar\/e74d7029390c4aa87f4c1ccdde9238a8e62ab6ebb8fb8d79135e496b5ccdf631?s=96&d=mm&r=g","url":"https:\/\/secure.gravatar.com\/avatar\/e74d7029390c4aa87f4c1ccdde9238a8e62ab6ebb8fb8d79135e496b5ccdf631?s=96&d=mm&r=g","contentUrl":"https:\/\/secure.gravatar.com\/avatar\/e74d7029390c4aa87f4c1ccdde9238a8e62ab6ebb8fb8d79135e496b5ccdf631?s=96&d=mm&r=g","caption":"steph"},"url":"https:\/\/www.forma-beauty.fr\/index.php\/author\/steph\/"}]}},"_links":{"self":[{"href":"https:\/\/www.forma-beauty.fr\/index.php\/wp-json\/wp\/v2\/posts\/4586","targetHints":{"allow":["GET"]}}],"collection":[{"href":"https:\/\/www.forma-beauty.fr\/index.php\/wp-json\/wp\/v2\/posts"}],"about":[{"href":"https:\/\/www.forma-beauty.fr\/index.php\/wp-json\/wp\/v2\/types\/post"}],"author":[{"embeddable":true,"href":"https:\/\/www.forma-beauty.fr\/index.php\/wp-json\/wp\/v2\/users\/5"}],"replies":[{"embeddable":true,"href":"https:\/\/www.forma-beauty.fr\/index.php\/wp-json\/wp\/v2\/comments?post=4586"}],"version-history":[{"count":26,"href":"https:\/\/www.forma-beauty.fr\/index.php\/wp-json\/wp\/v2\/posts\/4586\/revisions"}],"predecessor-version":[{"id":6136,"href":"https:\/\/www.forma-beauty.fr\/index.php\/wp-json\/wp\/v2\/posts\/4586\/revisions\/6136"}],"wp:featuredmedia":[{"embeddable":true,"href":"https:\/\/www.forma-beauty.fr\/index.php\/wp-json\/wp\/v2\/media\/3536"}],"wp:attachment":[{"href":"https:\/\/www.forma-beauty.fr\/index.php\/wp-json\/wp\/v2\/media?parent=4586"}],"wp:term":[{"taxonomy":"category","embeddable":true,"href":"https:\/\/www.forma-beauty.fr\/index.php\/wp-json\/wp\/v2\/categories?post=4586"},{"taxonomy":"post_tag","embeddable":true,"href":"https:\/\/www.forma-beauty.fr\/index.php\/wp-json\/wp\/v2\/tags?post=4586"}],"curies":[{"name":"wp","href":"https:\/\/api.w.org\/{rel}","templated":true}]}}