{"id":4419,"date":"2024-05-31T16:49:01","date_gmt":"2024-05-31T14:49:01","guid":{"rendered":"https:\/\/www.forma-beauty.fr\/?p=4419"},"modified":"2026-04-21T08:39:08","modified_gmt":"2026-04-21T06:39:08","slug":"rs7035-realiser-une-pose-dextension-de-cils-cil-a-cil-volume-russe-pose-mixte-35h","status":"publish","type":"post","link":"https:\/\/www.forma-beauty.fr\/index.php\/2024\/05\/31\/rs7035-realiser-une-pose-dextension-de-cils-cil-a-cil-volume-russe-pose-mixte-35h\/","title":{"rendered":"RS7035 &#8211; R\u00e9aliser une pose d&rsquo;extension de cils &#8211; cil \u00e0 cil volume russe, pose mixte &#8211; 35h<br\/><span>Date d\u2019\u00e9ch\u00e9ance de l\u2019enregistrement : 28\/02\/2028<\/span>"},"content":{"rendered":"\n<div class=\"wp-block-columns is-layout-flex wp-container-core-columns-is-layout-9d6595d7 wp-block-columns-is-layout-flex\">\n<div class=\"wp-block-column wp-block-column-left is-layout-flow wp-block-column-is-layout-flow\" style=\"flex-basis:25%\">\n<figure class=\"wp-block-image size-full is-resized\"><img loading=\"lazy\" decoding=\"async\" width=\"600\" height=\"600\" src=\"https:\/\/forma-beauty.fr\/wp-content\/uploads\/2021\/10\/Formation-cil-a-cil-et-volume-russe.jpg\" alt=\"Gros plan sur deux yeux et leurs cils sur lesquels ont \u00e9t\u00e9 pos\u00e9s des extensions de cils technique cil \u00e0 cil et technique volume russe\" class=\"wp-image-2137\" srcset=\"https:\/\/www.forma-beauty.fr\/wp-content\/uploads\/2021\/10\/Formation-cil-a-cil-et-volume-russe.jpg 600w, https:\/\/www.forma-beauty.fr\/wp-content\/uploads\/2021\/10\/Formation-cil-a-cil-et-volume-russe-300x300.jpg 300w, https:\/\/www.forma-beauty.fr\/wp-content\/uploads\/2021\/10\/Formation-cil-a-cil-et-volume-russe-150x150.jpg 150w\" sizes=\"auto, (max-width: 600px) 100vw, 600px\" \/><\/figure>\n\n\n\n<div class=\"wp-block-columns is-layout-flex wp-container-core-columns-is-layout-9d6595d7 wp-block-columns-is-layout-flex\">\n<div class=\"wp-block-column infos-formation is-layout-flow wp-block-column-is-layout-flow\">\n<div class=\"infos-ligne\"><span class=\"duree\">Dur\u00e9e :<\/span> <span class=\"jours\">35 h \/ 5 jours<\/span><\/div>\n\n\n\n<div class=\"infos-ligne\"><span class=\"tarif\">Tarif :<\/span> <span class=\"prix\">1500 <sup>\u20ac TTC<\/sup><\/span><\/div>\n\n\n\n<div class=\"infos-ligne\"><a href=\"\/wp-content\/uploads\/2026\/04\/Formabeauty-CPF-REGARD-Realiser-pose-extension-cils-RS7035-35h-OK.pdf\" class=\"telecharger\">T\u00e9l\u00e9chargez la fiche PDF<\/a><\/div>\n\n\n\n<div class=\"infos-ligne\">\n\t<h3>Centre certificateur :<\/h3>\n\t<p>S EYES ACADEMIE<\/br>11, rue du Puits de Jouvence<\/br>18000 Bourges<\/br><a href=\"https:\/\/www.francecompetences.fr\/recherche\/rs\/7035\/\" class=\"\"><img decoding=\"async\" src=\"https:\/\/www.forma-beauty.fr\/wp-content\/uploads\/2023\/07\/france-competences.png\" alt=\"France Comp\u00e9tences\" \/><\/a><\/p><\/div>\n<\/div>\n<\/div>\n\n\n\n<div class=\"wp-block-buttons is-layout-flex wp-block-buttons-is-layout-flex\">\n<div class=\"wp-block-button\"><a class=\"wp-block-button__link wp-element-button\" href=\"\/index.php\/choix-formation\/\">Je participe<\/a><\/div>\n<\/div>\n\n\n\n<h3 class=\"wp-block-heading\">Vous avez un compte CPF&nbsp;?<\/h3>\n\n\n\n<div class=\"wp-block-buttons is-layout-flex wp-block-buttons-is-layout-flex\">\n<div class=\"wp-block-button\"><a class=\"wp-block-button__link wp-element-button\" href=\"https:\/\/www.moncompteformation.gouv.fr\/espace-prive\/html\/#\/formation\/recherche\/41901269500021_Beauty897\/41901269500021_Beauty897?contexteFormation=ACTIVITE_PROFESSIONNELLE\" target=\"_blank\" rel=\"noreferrer noopener\">Je m&rsquo;inscris \u00e0 cette formation<\/a><\/div>\n<\/div>\n\n\n\n<div class=\"wp-block-columns is-layout-flex wp-container-core-columns-is-layout-9d6595d7 wp-block-columns-is-layout-flex\">\n<div class=\"wp-block-column is-layout-flow wp-block-column-is-layout-flow\">\n<h3 class=\"wp-block-heading\">Paiement jusqu&rsquo;\u00e0 quatre fois avec Alma<\/h3>\n\n\n<div class=\"wp-block-image\">\n<figure class=\"aligncenter size-full\"><a href=\"https:\/\/almapay.com\/fr-FR\" target=\"_blank\" rel=\"noreferrer noopener\"><img loading=\"lazy\" decoding=\"async\" width=\"230\" height=\"65\" src=\"https:\/\/www.forma-beauty.fr\/wp-content\/uploads\/2024\/11\/Alma-230px.png\" alt=\"Alma - solution de paiement en plusieurs fois flexible et garanti\" class=\"wp-image-4715\" style=\"object-fit:cover\"\/><\/a><\/figure>\n<\/div>\n\n\n<h3 class=\"wp-block-heading\">Dispositifs de financement :<\/h3>\n\n\n\n<div class=\"wp-block-buttons is-layout-flex wp-block-buttons-is-layout-flex\">\n<div class=\"wp-block-button\"><a class=\"wp-block-button__link wp-element-button\" href=\"\/index.php\/a-propos\/modalites-de-financement\/\" target=\"_blank\" rel=\"noreferrer noopener\">Voir les modalit\u00e9s de financement<\/a><\/div>\n<\/div>\n\n\n\n<figure class=\"wp-block-gallery aligncenter has-nested-images columns-1 wp-block-gallery-1 is-layout-flex wp-block-gallery-is-layout-flex\">\n<figure class=\"wp-block-image size-full\"><img decoding=\"async\" data-id=\"4714\" src=\"https:\/\/www.forma-beauty.fr\/wp-content\/uploads\/2024\/11\/Uniformation-260px.png\" alt=\"Uniformation - L'Opco de la coh\u00e9sion sociale\" class=\"wp-image-4714\"\/><\/figure>\n\n\n\n<figure class=\"wp-block-image size-full\"><img loading=\"lazy\" decoding=\"async\" width=\"230\" height=\"75\" data-id=\"4713\" src=\"https:\/\/www.forma-beauty.fr\/wp-content\/uploads\/2024\/11\/Atlas-230px.png\" alt=\"Atlas - Opco Atlas, op\u00e9rateur de comp\u00e9tences des services financiers et du conseil\" class=\"wp-image-4713\"\/><\/figure>\n\n\n\n<figure class=\"wp-block-image size-full\"><img loading=\"lazy\" decoding=\"async\" width=\"130\" height=\"130\" data-id=\"4712\" src=\"https:\/\/www.forma-beauty.fr\/wp-content\/uploads\/2024\/11\/agefice-130px.png\" alt=\"AGEFICE - Assurance Formation des Travailleurs non salari\u00e9s des secteurs du commerce, de l'industrie et des services\" class=\"wp-image-4712\"\/><\/figure>\n\n\n\n<figure class=\"wp-block-image size-full\"><img loading=\"lazy\" decoding=\"async\" width=\"230\" height=\"74\" data-id=\"4711\" src=\"https:\/\/www.forma-beauty.fr\/wp-content\/uploads\/2024\/11\/AFDAS-230px.png\" alt=\"AFDAS - demain sera formation - Assurance Formation Des Activit\u00e9s du Spectacle\" class=\"wp-image-4711\"\/><\/figure>\n\n\n\n<figure class=\"wp-block-image size-full\"><img loading=\"lazy\" decoding=\"async\" width=\"140\" height=\"120\" data-id=\"4710\" src=\"https:\/\/www.forma-beauty.fr\/wp-content\/uploads\/2024\/11\/OCAPIAT-140px.png\" alt=\"OCAPIAT - Op\u00e9rateur de Comp\u00e9tences pour la Coop\u00e9ration agricole, l'Agriculture, la P\u00eache, l'Industrie Agroalimentaire et les Territoires\" class=\"wp-image-4710\"\/><\/figure>\n\n\n\n<figure class=\"wp-block-image size-full\"><img loading=\"lazy\" decoding=\"async\" width=\"180\" height=\"86\" data-id=\"4709\" src=\"https:\/\/www.forma-beauty.fr\/wp-content\/uploads\/2024\/11\/FAFCEA-180px.png\" alt=\"FAFCEA - Fonds d'Assurance Formation des Chefs d'Entreprise Artisanale\" class=\"wp-image-4709\"\/><\/figure>\n\n\n\n<figure class=\"wp-block-image size-full\"><img loading=\"lazy\" decoding=\"async\" width=\"170\" height=\"94\" data-id=\"4708\" src=\"https:\/\/www.forma-beauty.fr\/wp-content\/uploads\/2024\/11\/constructys-170px.png\" alt=\"Constructys - Votre partenaire comp\u00e9tences\" class=\"wp-image-4708\"\/><\/figure>\n\n\n\n<figure class=\"wp-block-image size-full\"><img loading=\"lazy\" decoding=\"async\" width=\"180\" height=\"87\" data-id=\"4706\" src=\"https:\/\/www.forma-beauty.fr\/wp-content\/uploads\/2024\/11\/CNAIB-180px.png\" alt=\"CNAIB SPA - Conf\u00e9d\u00e9ration Nationale Artisanale des Instituts de Beaut\u00e9 et Spas\" class=\"wp-image-4706\"\/><\/figure>\n\n\n\n<figure class=\"wp-block-image size-full\"><img loading=\"lazy\" decoding=\"async\" width=\"180\" height=\"91\" data-id=\"4705\" src=\"https:\/\/www.forma-beauty.fr\/wp-content\/uploads\/2024\/11\/CPF-180px.png\" alt=\"CPF - Mon Compte Formation\" class=\"wp-image-4705\"\/><\/figure>\n<\/figure>\n<\/div>\n<\/div>\n<\/div>\n\n\n\n<div class=\"wp-block-column wp-block-column-right is-layout-flow wp-block-column-is-layout-flow\" style=\"flex-basis:75%\">\n<h2 class=\"wp-block-heading\" id=\"presentation\">Pr\u00e9sentation<\/h2>\n\n\n\n<p>La certification \u00ab R\u00e9aliser des poses d\u2019extension de cils \u00bb permet d\u2019attester des comp\u00e9tences concr\u00e8tes permettant de r\u00e9aliser une pose d\u2019extension de cils (pose cil \u00e0 cil et pose mixte). Elle couvre l\u2019ensemble du processus : recueil des besoins et attentes du client, respect des r\u00e8gles d\u2019hygi\u00e8ne et de s\u00e9curit\u00e9, choix des cils adapt\u00e9s, r\u00e9alisation des \u00e9tapes techniques (isolement, nettoyage, application, brossage, retouches) et conseils post-prestation.<\/p>\n\n\n\n<h2 class=\"wp-block-heading\" id=\"objectifs\">Objectifs p\u00e9dagogiques &amp; niveau vis\u00e9<\/h2>\n\n\n\n<ul class=\"wp-block-list\">\n<li>Identifier les besoins et attentes du client, en prenant en compte les situations de handicap.<\/li>\n\n\n\n<li>Respecter les r\u00e8gles d\u2019hygi\u00e8ne et de s\u00e9curit\u00e9 (d\u00e9sinfection des outils et du poste de travail, utilisation du mat\u00e9riel adapt\u00e9).<\/li>\n\n\n\n<li>S\u00e9lectionner les extensions de cils en fonction du type, de la longueur et de l\u2019\u00e9paisseur souhait\u00e9e.<\/li>\n\n\n\n<li>Nettoyer soigneusement les cils naturels du client pour \u00e9liminer toute trace de maquillage ou de r\u00e9sidus.<\/li>\n\n\n\n<li>Isoler les cils inf\u00e9rieurs \u00e0 l\u2019aide de patchs ou ruban adh\u00e9sif.<\/li>\n\n\n\n<li>Appliquer une extension de cil sur chaque cil naturel avec une colle adapt\u00e9e en respectant la longueur et l\u2019orientation.<\/li>\n\n\n\n<li>Brosser d\u00e9licatement les extensions pour assurer une r\u00e9partition uniforme.<\/li>\n\n\n\n<li>Effectuer des retouches pour combler les espaces vides.<\/li>\n\n\n\n<li>Conseiller le client sur l\u2019entretien des extensions et les pr\u00e9cautions \u00e0 prendre.<\/li>\n\n\n\n<li>Planifier un suivi via des rendez-vous pour \u00e9valuer l\u2019\u00e9tat des extensions et effectuer des retouches.<\/li>\n<\/ul>\n\n\n\n<h2 class=\"wp-block-heading\" id=\"programme\">Programme<\/h2>\n\n\n\n<h3 class=\"wp-block-heading\">Jour 1<\/h3>\n\n\n\n<h4 class=\"wp-block-heading\">Matin<\/h4>\n\n\n\n<ul class=\"wp-block-list\">\n<li>Accueil et pr\u00e9sentation des objectifs.<\/li>\n\n\n\n<li>\u00c9tude compl\u00e8te du r\u00e9f\u00e9rentiel.<\/li>\n\n\n\n<li>Pr\u00e9sentation du mat\u00e9riel et des r\u00e8gles d\u2019hygi\u00e8ne et s\u00e9curit\u00e9.<\/li>\n\n\n\n<li>Organisation du poste de travail.<\/li>\n\n\n\n<li>\u00c9tude approfondie de l\u2019anatomie du cil, cycle de vie, contre-indications.<\/li>\n\n\n\n<li>Pr\u00e9sentation des types d\u2019extensions (longueur, courbure, \u00e9paisseur).<\/li>\n<\/ul>\n\n\n\n<h4 class=\"wp-block-heading\">Apr\u00e8s-midi<\/h4>\n\n\n\n<ul class=\"wp-block-list\">\n<li>D\u00e9monstration par le formateur : accueil client, recueil des besoins, installation du poste.<\/li>\n\n\n\n<li>Nettoyage et pr\u00e9paration des cils naturels (d\u00e9maquillage, d\u00e9graissage, s\u00e9chage).<\/li>\n\n\n\n<li>Isolement des cils inf\u00e9rieurs avec patchs ou ruban adh\u00e9sif.<\/li>\n\n\n\n<li>Exercices pratiques sur t\u00eate d\u2019entra\u00eenement : manipulation des pinces, isolement et pr\u00e9paration.<\/li>\n<\/ul>\n\n\n\n<h3 class=\"wp-block-heading\">Jour 2<\/h3>\n\n\n\n<h4 class=\"wp-block-heading\">Matin<\/h4>\n\n\n\n<ul class=\"wp-block-list\">\n<li>D\u00e9monstration experte de la pose cil \u00e0 cil par le formateur.<\/li>\n\n\n\n<li>Explication avanc\u00e9e sur l\u2019utilisation de la colle et la s\u00e9curit\u00e9.<\/li>\n\n\n\n<li>Exercices pratiques sur t\u00eate d\u2019entra\u00eenement :\n<ul class=\"wp-block-list\">\n<li>application cil \u00e0 cil compl\u00e8te,<\/li>\n\n\n\n<li>orientation et r\u00e9gularit\u00e9.<\/li>\n<\/ul>\n<\/li>\n\n\n\n<li>Correction des erreurs fr\u00e9quentes.<\/li>\n<\/ul>\n\n\n\n<h4 class=\"wp-block-heading\">Apr\u00e8s-midi<\/h4>\n\n\n\n<ul class=\"wp-block-list\">\n<li>Pratique encadr\u00e9e sur mod\u00e8le r\u00e9el : r\u00e9alisation compl\u00e8te d\u2019une pose cil \u00e0 cil.<\/li>\n\n\n\n<li>V\u00e9rification de la densit\u00e9, contr\u00f4le du rendu et corrections.<\/li>\n\n\n\n<li>Retouches cibl\u00e9es si n\u00e9cessaire.<\/li>\n\n\n\n<li>D\u00e9briefing individuel pour optimiser rapidit\u00e9 et pr\u00e9cision.<\/li>\n<\/ul>\n\n\n\n<h3 class=\"wp-block-heading\">Jour 3<\/h3>\n\n\n\n<h4 class=\"wp-block-heading\">Matin<\/h4>\n\n\n\n<ul class=\"wp-block-list\">\n<li>Pr\u00e9sentation et d\u00e9monstration de la pose mixte (cil \u00e0 cil + bouquets).<\/li>\n\n\n\n<li>\u00c9tude de l\u2019harmonisation du regard.<\/li>\n\n\n\n<li>Mise en pratique encadr\u00e9e sur mod\u00e8le r\u00e9el : pose mixte partielle.<\/li>\n\n\n\n<li>Travail sur zones complexes (coins internes et externes).<\/li>\n<\/ul>\n\n\n\n<h4 class=\"wp-block-heading\">Apr\u00e8s-midi<\/h4>\n\n\n\n<ul class=\"wp-block-list\">\n<li>Pratique approfondie sur mod\u00e8le : pose mixte compl\u00e8te.<\/li>\n\n\n\n<li>Correction des espaces vides et harmonisation esth\u00e9tique.<\/li>\n\n\n\n<li>Perfectionnement des techniques de finition et retouche.<\/li>\n\n\n\n<li>V\u00e9rification du respect des r\u00e8gles d\u2019hygi\u00e8ne et du confort client.<\/li>\n<\/ul>\n\n\n\n<h3 class=\"wp-block-heading\">Jour 4<\/h3>\n\n\n\n<h4 class=\"wp-block-heading\">Matin<\/h4>\n\n\n\n<ul class=\"wp-block-list\">\n<li>Conseils clients :\n<ul class=\"wp-block-list\">\n<li>explication des techniques d\u2019entretien,<\/li>\n\n\n\n<li>nettoyage quotidien,<\/li>\n\n\n\n<li>pr\u00e9cautions et produits interdits.<\/li>\n<\/ul>\n<\/li>\n\n\n\n<li>Gestion des rendez-vous et planification des retouches.<\/li>\n\n\n\n<li>\u00c9tudes de cas pratiques : sc\u00e9narios sp\u00e9cifiques (cils fragiles, demandes particuli\u00e8res).<\/li>\n<\/ul>\n\n\n\n<h4 class=\"wp-block-heading\">Apr\u00e8s-midi<\/h4>\n\n\n\n<ul class=\"wp-block-list\">\n<li>Mise en situation professionnelle compl\u00e8te (simulation).<\/li>\n\n\n\n<li>R\u00e9alisation d\u2019une prestation int\u00e9grale chronom\u00e9tr\u00e9e sur mod\u00e8le :\n<ul class=\"wp-block-list\">\n<li>accueil,<\/li>\n\n\n\n<li>recueil des besoins,<\/li>\n\n\n\n<li>installation,<\/li>\n\n\n\n<li>hygi\u00e8ne,<\/li>\n\n\n\n<li>pose et conseils finaux.<\/li>\n<\/ul>\n<\/li>\n\n\n\n<li>\u00c9valuation formative avec retour personnalis\u00e9.<\/li>\n<\/ul>\n\n\n\n<h3 class=\"wp-block-heading\">Jour 5<\/h3>\n\n\n\n<h4 class=\"wp-block-heading\">Matin<\/h4>\n\n\n\n<ul class=\"wp-block-list\">\n<li>\u00c9valuation th\u00e9orique : \u00e9preuve \u00e9crite (5 questions ouvertes \u2013 20 min).<\/li>\n\n\n\n<li>Pr\u00e9paration pratique :\n<ul class=\"wp-block-list\">\n<li>briefing avec les mod\u00e8les,<\/li>\n\n\n\n<li>organisation du poste,<\/li>\n\n\n\n<li>v\u00e9rification du mat\u00e9riel et rappel des r\u00e8gles d\u2019hygi\u00e8ne.<\/li>\n<\/ul>\n<\/li>\n<\/ul>\n\n\n\n<h4 class=\"wp-block-heading\">Apr\u00e8s-midi<\/h4>\n\n\n\n<ul class=\"wp-block-list\">\n<li>\u00c9valuation pratique finale : mise en situation reconstitu\u00e9e (4h30 max).<\/li>\n\n\n\n<li>Tirage au sort de la pose \u00e0 r\u00e9aliser (cil \u00e0 cil ou mixte).<\/li>\n\n\n\n<li>R\u00e9alisation compl\u00e8te de la prestation :\n<ul class=\"wp-block-list\">\n<li>accueil,<\/li>\n\n\n\n<li>recueil des besoins,<\/li>\n\n\n\n<li>hygi\u00e8ne,<\/li>\n\n\n\n<li>choix du mat\u00e9riel,<\/li>\n\n\n\n<li>application,<\/li>\n\n\n\n<li>corrections et conseils client.<\/li>\n<\/ul>\n<\/li>\n\n\n\n<li>Cl\u00f4ture de la formation et bilan individuel.<\/li>\n<\/ul>\n\n\n\n<h2 class=\"wp-block-heading\">Modalit\u00e9s d\u2019\u00e9valuation des candidats par validation des acquis de l\u2019exp\u00e9rience (VAE) ou issus d\u2019un parcours continu de formation pour l\u2019acc\u00e8s \u00e0 la certi\ufb01cation<\/h2>\n\n\n\n<ul class=\"wp-block-list\">\n<li>Partie th\u00e9orique : 5 questions ouvertes (dur\u00e9e : 20 minutes).<\/li>\n\n\n\n<li>Partie pratique : mise en situation professionnelle reconstitu\u00e9e (dur\u00e9e maximale : 4h30). Le candidat tire au sort la pose \u00e0 r\u00e9aliser : cil \u00e0 cil ou pose mixte. Il doit r\u00e9aliser la prestation compl\u00e8te : accueil, recueil des besoins, explication, respect des r\u00e8gles d\u2019hygi\u00e8ne, choix du mat\u00e9riel, pose compl\u00e8te et conseils au client.<\/li>\n<\/ul>\n<\/div>\n<\/div>\n\n\n<\/div>\n<p><!-- \/wp:post-content --><\/p>","protected":false},"excerpt":{"rendered":"<p>Dur\u00e9e : 35 h \/ 5 jours Tarif : 1500 \u20ac TTC T\u00e9l\u00e9chargez la fiche PDF Centre certificateur : S EYES ACADEMIE11, rue du Puits de Jouvence18000 Bourges Vous avez un compte CPF&nbsp;? Paiement jusqu&rsquo;\u00e0 quatre fois avec Alma Dispositifs de financement : Pr\u00e9sentation La certification \u00ab R\u00e9aliser des poses d\u2019extension de cils \u00bb permet&hellip;<\/p>\n","protected":false},"author":5,"featured_media":2137,"comment_status":"closed","ping_status":"closed","sticky":false,"template":"","format":"standard","meta":{"footnotes":""},"categories":[147,103],"tags":[17,15,114,106,148,18],"class_list":["post-4419","post","type-post","status-publish","format-standard","has-post-thumbnail","hentry","category-formation-cpf-rs7035","category-formations-cpf","tag-cil-a-cil","tag-cils","tag-extensions-de-cils","tag-formation-cpf","tag-formation-cpf-rs6370","tag-volume-russe","category-147","category-103","description-off"],"yoast_head":"<!-- This site is optimized with the Yoast SEO plugin v27.5 - https:\/\/yoast.com\/product\/yoast-seo-wordpress\/ -->\n<title>RS7035 - R\u00e9aliser une pose d&#039;extension de cils - cil \u00e0 cil volume russe, pose mixte - 35hDate d\u2019\u00e9ch\u00e9ance de l\u2019enregistrement : 28\/02\/2028 \ud83d\udcd6 Forma Beauty<\/title>\n<meta name=\"description\" content=\"Formabeauty, centre de formation sp\u00e9cialiste de l&#039;esth\u00e9tique \u00e0 la Seyne-sur-Mer dans le Var, propose une formation professionnelle CPF : R\u00e9aliser une pose d\u2019extension de cils -35h\" \/>\n<meta name=\"robots\" content=\"index, follow, max-snippet:-1, max-image-preview:large, max-video-preview:-1\" \/>\n<link rel=\"canonical\" href=\"https:\/\/www.forma-beauty.fr\/index.php\/2024\/05\/31\/rs7035-realiser-une-pose-dextension-de-cils-cil-a-cil-volume-russe-pose-mixte-35h\/\" \/>\n<meta property=\"og:locale\" content=\"fr_FR\" \/>\n<meta property=\"og:type\" content=\"article\" \/>\n<meta property=\"og:title\" content=\"RS7035 - R\u00e9aliser une pose d&#039;extension de cils - cil \u00e0 cil volume russe, pose mixte - 35hDate d\u2019\u00e9ch\u00e9ance de l\u2019enregistrement : 28\/02\/2028 \ud83d\udcd6 Forma Beauty\" \/>\n<meta property=\"og:description\" content=\"Formabeauty, centre de formation sp\u00e9cialiste de l&#039;esth\u00e9tique \u00e0 la Seyne-sur-Mer dans le Var, propose une formation professionnelle CPF : R\u00e9aliser une pose d\u2019extension de cils -35h\" \/>\n<meta property=\"og:url\" content=\"https:\/\/www.forma-beauty.fr\/index.php\/2024\/05\/31\/rs7035-realiser-une-pose-dextension-de-cils-cil-a-cil-volume-russe-pose-mixte-35h\/\" \/>\n<meta property=\"og:site_name\" content=\"Forma Beauty\" \/>\n<meta property=\"article:published_time\" content=\"2024-05-31T14:49:01+00:00\" \/>\n<meta property=\"article:modified_time\" content=\"2026-04-21T06:39:08+00:00\" \/>\n<meta property=\"og:image\" content=\"https:\/\/www.forma-beauty.fr\/wp-content\/uploads\/2021\/10\/Formation-cil-a-cil-et-volume-russe.jpg\" \/>\n\t<meta property=\"og:image:width\" content=\"600\" \/>\n\t<meta property=\"og:image:height\" content=\"600\" \/>\n\t<meta property=\"og:image:type\" content=\"image\/jpeg\" \/>\n<meta name=\"author\" content=\"steph\" \/>\n<meta name=\"twitter:card\" content=\"summary_large_image\" \/>\n<meta name=\"twitter:label1\" content=\"\u00c9crit par\" \/>\n\t<meta name=\"twitter:data1\" content=\"steph\" \/>\n\t<meta name=\"twitter:label2\" content=\"Dur\u00e9e de lecture estim\u00e9e\" \/>\n\t<meta name=\"twitter:data2\" content=\"7 minutes\" \/>\n<script type=\"application\/ld+json\" class=\"yoast-schema-graph\">{\"@context\":\"https:\\\/\\\/schema.org\",\"@graph\":[{\"@type\":\"Article\",\"@id\":\"https:\\\/\\\/www.forma-beauty.fr\\\/index.php\\\/2024\\\/05\\\/31\\\/rs7035-realiser-une-pose-dextension-de-cils-cil-a-cil-volume-russe-pose-mixte-35h\\\/#article\",\"isPartOf\":{\"@id\":\"https:\\\/\\\/www.forma-beauty.fr\\\/index.php\\\/2024\\\/05\\\/31\\\/rs7035-realiser-une-pose-dextension-de-cils-cil-a-cil-volume-russe-pose-mixte-35h\\\/\"},\"author\":{\"name\":\"steph\",\"@id\":\"https:\\\/\\\/www.forma-beauty.fr\\\/#\\\/schema\\\/person\\\/b138ed54255d6b7b3ed7d54b965e7550\"},\"headline\":\"RS7035 &#8211; R\u00e9aliser une pose d&rsquo;extension de cils &#8211; cil \u00e0 cil volume russe, pose mixte &#8211; 35h Date d\u2019\u00e9ch\u00e9ance de l\u2019enregistrement : 28\\\/02\\\/2028\",\"datePublished\":\"2024-05-31T14:49:01+00:00\",\"dateModified\":\"2026-04-21T06:39:08+00:00\",\"mainEntityOfPage\":{\"@id\":\"https:\\\/\\\/www.forma-beauty.fr\\\/index.php\\\/2024\\\/05\\\/31\\\/rs7035-realiser-une-pose-dextension-de-cils-cil-a-cil-volume-russe-pose-mixte-35h\\\/\"},\"wordCount\":860,\"image\":{\"@id\":\"https:\\\/\\\/www.forma-beauty.fr\\\/index.php\\\/2024\\\/05\\\/31\\\/rs7035-realiser-une-pose-dextension-de-cils-cil-a-cil-volume-russe-pose-mixte-35h\\\/#primaryimage\"},\"thumbnailUrl\":\"https:\\\/\\\/www.forma-beauty.fr\\\/wp-content\\\/uploads\\\/2021\\\/10\\\/Formation-cil-a-cil-et-volume-russe.jpg\",\"keywords\":[\"cil \u00e0 cil\",\"cils\",\"extensions de cils\",\"formation CPF\",\"Formation CPF RS6370\",\"volume russe\"],\"articleSection\":[\"Formation CPF RS7035\",\"Formations CPF\"],\"inLanguage\":\"fr-FR\"},{\"@type\":\"WebPage\",\"@id\":\"https:\\\/\\\/www.forma-beauty.fr\\\/index.php\\\/2024\\\/05\\\/31\\\/rs7035-realiser-une-pose-dextension-de-cils-cil-a-cil-volume-russe-pose-mixte-35h\\\/\",\"url\":\"https:\\\/\\\/www.forma-beauty.fr\\\/index.php\\\/2024\\\/05\\\/31\\\/rs7035-realiser-une-pose-dextension-de-cils-cil-a-cil-volume-russe-pose-mixte-35h\\\/\",\"name\":\"RS7035 - R\u00e9aliser une pose d'extension de cils - cil \u00e0 cil volume russe, pose mixte - 35h Date d\u2019\u00e9ch\u00e9ance de l\u2019enregistrement : 28\\\/02\\\/2028 \ud83d\udcd6 Forma Beauty\",\"isPartOf\":{\"@id\":\"https:\\\/\\\/www.forma-beauty.fr\\\/#website\"},\"primaryImageOfPage\":{\"@id\":\"https:\\\/\\\/www.forma-beauty.fr\\\/index.php\\\/2024\\\/05\\\/31\\\/rs7035-realiser-une-pose-dextension-de-cils-cil-a-cil-volume-russe-pose-mixte-35h\\\/#primaryimage\"},\"image\":{\"@id\":\"https:\\\/\\\/www.forma-beauty.fr\\\/index.php\\\/2024\\\/05\\\/31\\\/rs7035-realiser-une-pose-dextension-de-cils-cil-a-cil-volume-russe-pose-mixte-35h\\\/#primaryimage\"},\"thumbnailUrl\":\"https:\\\/\\\/www.forma-beauty.fr\\\/wp-content\\\/uploads\\\/2021\\\/10\\\/Formation-cil-a-cil-et-volume-russe.jpg\",\"datePublished\":\"2024-05-31T14:49:01+00:00\",\"dateModified\":\"2026-04-21T06:39:08+00:00\",\"author\":{\"@id\":\"https:\\\/\\\/www.forma-beauty.fr\\\/#\\\/schema\\\/person\\\/b138ed54255d6b7b3ed7d54b965e7550\"},\"description\":\"Formabeauty, centre de formation sp\u00e9cialiste de l'esth\u00e9tique \u00e0 la Seyne-sur-Mer dans le Var, propose une formation professionnelle CPF : R\u00e9aliser une pose d\u2019extension de cils -35h\",\"breadcrumb\":{\"@id\":\"https:\\\/\\\/www.forma-beauty.fr\\\/index.php\\\/2024\\\/05\\\/31\\\/rs7035-realiser-une-pose-dextension-de-cils-cil-a-cil-volume-russe-pose-mixte-35h\\\/#breadcrumb\"},\"inLanguage\":\"fr-FR\",\"potentialAction\":[{\"@type\":\"ReadAction\",\"target\":[\"https:\\\/\\\/www.forma-beauty.fr\\\/index.php\\\/2024\\\/05\\\/31\\\/rs7035-realiser-une-pose-dextension-de-cils-cil-a-cil-volume-russe-pose-mixte-35h\\\/\"]}]},{\"@type\":\"ImageObject\",\"inLanguage\":\"fr-FR\",\"@id\":\"https:\\\/\\\/www.forma-beauty.fr\\\/index.php\\\/2024\\\/05\\\/31\\\/rs7035-realiser-une-pose-dextension-de-cils-cil-a-cil-volume-russe-pose-mixte-35h\\\/#primaryimage\",\"url\":\"https:\\\/\\\/www.forma-beauty.fr\\\/wp-content\\\/uploads\\\/2021\\\/10\\\/Formation-cil-a-cil-et-volume-russe.jpg\",\"contentUrl\":\"https:\\\/\\\/www.forma-beauty.fr\\\/wp-content\\\/uploads\\\/2021\\\/10\\\/Formation-cil-a-cil-et-volume-russe.jpg\",\"width\":600,\"height\":600,\"caption\":\"Formation cil \u00e0 cil et cils volume russe\"},{\"@type\":\"BreadcrumbList\",\"@id\":\"https:\\\/\\\/www.forma-beauty.fr\\\/index.php\\\/2024\\\/05\\\/31\\\/rs7035-realiser-une-pose-dextension-de-cils-cil-a-cil-volume-russe-pose-mixte-35h\\\/#breadcrumb\",\"itemListElement\":[{\"@type\":\"ListItem\",\"position\":1,\"name\":\"Accueil\",\"item\":\"https:\\\/\\\/www.forma-beauty.fr\\\/\"},{\"@type\":\"ListItem\",\"position\":2,\"name\":\"RS7035 &#8211; R\u00e9aliser une pose d&rsquo;extension de cils &#8211; cil \u00e0 cil volume russe, pose mixte &#8211; 35hDate d\u2019\u00e9ch\u00e9ance de l\u2019enregistrement : 28\\\/02\\\/2028\"}]},{\"@type\":\"WebSite\",\"@id\":\"https:\\\/\\\/www.forma-beauty.fr\\\/#website\",\"url\":\"https:\\\/\\\/www.forma-beauty.fr\\\/\",\"name\":\"Forma Beauty\",\"description\":\"Centre de formation Beaut\u00e9\",\"potentialAction\":[{\"@type\":\"SearchAction\",\"target\":{\"@type\":\"EntryPoint\",\"urlTemplate\":\"https:\\\/\\\/www.forma-beauty.fr\\\/?s={search_term_string}\"},\"query-input\":{\"@type\":\"PropertyValueSpecification\",\"valueRequired\":true,\"valueName\":\"search_term_string\"}}],\"inLanguage\":\"fr-FR\"},{\"@type\":\"Person\",\"@id\":\"https:\\\/\\\/www.forma-beauty.fr\\\/#\\\/schema\\\/person\\\/b138ed54255d6b7b3ed7d54b965e7550\",\"name\":\"steph\",\"image\":{\"@type\":\"ImageObject\",\"inLanguage\":\"fr-FR\",\"@id\":\"https:\\\/\\\/secure.gravatar.com\\\/avatar\\\/e74d7029390c4aa87f4c1ccdde9238a8e62ab6ebb8fb8d79135e496b5ccdf631?s=96&d=mm&r=g\",\"url\":\"https:\\\/\\\/secure.gravatar.com\\\/avatar\\\/e74d7029390c4aa87f4c1ccdde9238a8e62ab6ebb8fb8d79135e496b5ccdf631?s=96&d=mm&r=g\",\"contentUrl\":\"https:\\\/\\\/secure.gravatar.com\\\/avatar\\\/e74d7029390c4aa87f4c1ccdde9238a8e62ab6ebb8fb8d79135e496b5ccdf631?s=96&d=mm&r=g\",\"caption\":\"steph\"},\"url\":\"https:\\\/\\\/www.forma-beauty.fr\\\/index.php\\\/author\\\/steph\\\/\"}]}<\/script>\n<!-- \/ Yoast SEO plugin. -->","yoast_head_json":{"title":"RS7035 - R\u00e9aliser une pose d'extension de cils - cil \u00e0 cil volume russe, pose mixte - 35hDate d\u2019\u00e9ch\u00e9ance de l\u2019enregistrement : 28\/02\/2028 \ud83d\udcd6 Forma Beauty","description":"Formabeauty, centre de formation sp\u00e9cialiste de l'esth\u00e9tique \u00e0 la Seyne-sur-Mer dans le Var, propose une formation professionnelle CPF : R\u00e9aliser une pose d\u2019extension de cils -35h","robots":{"index":"index","follow":"follow","max-snippet":"max-snippet:-1","max-image-preview":"max-image-preview:large","max-video-preview":"max-video-preview:-1"},"canonical":"https:\/\/www.forma-beauty.fr\/index.php\/2024\/05\/31\/rs7035-realiser-une-pose-dextension-de-cils-cil-a-cil-volume-russe-pose-mixte-35h\/","og_locale":"fr_FR","og_type":"article","og_title":"RS7035 - R\u00e9aliser une pose d'extension de cils - cil \u00e0 cil volume russe, pose mixte - 35hDate d\u2019\u00e9ch\u00e9ance de l\u2019enregistrement : 28\/02\/2028 \ud83d\udcd6 Forma Beauty","og_description":"Formabeauty, centre de formation sp\u00e9cialiste de l'esth\u00e9tique \u00e0 la Seyne-sur-Mer dans le Var, propose une formation professionnelle CPF : R\u00e9aliser une pose d\u2019extension de cils -35h","og_url":"https:\/\/www.forma-beauty.fr\/index.php\/2024\/05\/31\/rs7035-realiser-une-pose-dextension-de-cils-cil-a-cil-volume-russe-pose-mixte-35h\/","og_site_name":"Forma Beauty","article_published_time":"2024-05-31T14:49:01+00:00","article_modified_time":"2026-04-21T06:39:08+00:00","og_image":[{"width":600,"height":600,"url":"https:\/\/www.forma-beauty.fr\/wp-content\/uploads\/2021\/10\/Formation-cil-a-cil-et-volume-russe.jpg","type":"image\/jpeg"}],"author":"steph","twitter_card":"summary_large_image","twitter_misc":{"\u00c9crit par":"steph","Dur\u00e9e de lecture estim\u00e9e":"7 minutes"},"schema":{"@context":"https:\/\/schema.org","@graph":[{"@type":"Article","@id":"https:\/\/www.forma-beauty.fr\/index.php\/2024\/05\/31\/rs7035-realiser-une-pose-dextension-de-cils-cil-a-cil-volume-russe-pose-mixte-35h\/#article","isPartOf":{"@id":"https:\/\/www.forma-beauty.fr\/index.php\/2024\/05\/31\/rs7035-realiser-une-pose-dextension-de-cils-cil-a-cil-volume-russe-pose-mixte-35h\/"},"author":{"name":"steph","@id":"https:\/\/www.forma-beauty.fr\/#\/schema\/person\/b138ed54255d6b7b3ed7d54b965e7550"},"headline":"RS7035 &#8211; R\u00e9aliser une pose d&rsquo;extension de cils &#8211; cil \u00e0 cil volume russe, pose mixte &#8211; 35h Date d\u2019\u00e9ch\u00e9ance de l\u2019enregistrement : 28\/02\/2028","datePublished":"2024-05-31T14:49:01+00:00","dateModified":"2026-04-21T06:39:08+00:00","mainEntityOfPage":{"@id":"https:\/\/www.forma-beauty.fr\/index.php\/2024\/05\/31\/rs7035-realiser-une-pose-dextension-de-cils-cil-a-cil-volume-russe-pose-mixte-35h\/"},"wordCount":860,"image":{"@id":"https:\/\/www.forma-beauty.fr\/index.php\/2024\/05\/31\/rs7035-realiser-une-pose-dextension-de-cils-cil-a-cil-volume-russe-pose-mixte-35h\/#primaryimage"},"thumbnailUrl":"https:\/\/www.forma-beauty.fr\/wp-content\/uploads\/2021\/10\/Formation-cil-a-cil-et-volume-russe.jpg","keywords":["cil \u00e0 cil","cils","extensions de cils","formation CPF","Formation CPF RS6370","volume russe"],"articleSection":["Formation CPF RS7035","Formations CPF"],"inLanguage":"fr-FR"},{"@type":"WebPage","@id":"https:\/\/www.forma-beauty.fr\/index.php\/2024\/05\/31\/rs7035-realiser-une-pose-dextension-de-cils-cil-a-cil-volume-russe-pose-mixte-35h\/","url":"https:\/\/www.forma-beauty.fr\/index.php\/2024\/05\/31\/rs7035-realiser-une-pose-dextension-de-cils-cil-a-cil-volume-russe-pose-mixte-35h\/","name":"RS7035 - R\u00e9aliser une pose d'extension de cils - cil \u00e0 cil volume russe, pose mixte - 35h Date d\u2019\u00e9ch\u00e9ance de l\u2019enregistrement : 28\/02\/2028 \ud83d\udcd6 Forma Beauty","isPartOf":{"@id":"https:\/\/www.forma-beauty.fr\/#website"},"primaryImageOfPage":{"@id":"https:\/\/www.forma-beauty.fr\/index.php\/2024\/05\/31\/rs7035-realiser-une-pose-dextension-de-cils-cil-a-cil-volume-russe-pose-mixte-35h\/#primaryimage"},"image":{"@id":"https:\/\/www.forma-beauty.fr\/index.php\/2024\/05\/31\/rs7035-realiser-une-pose-dextension-de-cils-cil-a-cil-volume-russe-pose-mixte-35h\/#primaryimage"},"thumbnailUrl":"https:\/\/www.forma-beauty.fr\/wp-content\/uploads\/2021\/10\/Formation-cil-a-cil-et-volume-russe.jpg","datePublished":"2024-05-31T14:49:01+00:00","dateModified":"2026-04-21T06:39:08+00:00","author":{"@id":"https:\/\/www.forma-beauty.fr\/#\/schema\/person\/b138ed54255d6b7b3ed7d54b965e7550"},"description":"Formabeauty, centre de formation sp\u00e9cialiste de l'esth\u00e9tique \u00e0 la Seyne-sur-Mer dans le Var, propose une formation professionnelle CPF : R\u00e9aliser une pose d\u2019extension de cils -35h","breadcrumb":{"@id":"https:\/\/www.forma-beauty.fr\/index.php\/2024\/05\/31\/rs7035-realiser-une-pose-dextension-de-cils-cil-a-cil-volume-russe-pose-mixte-35h\/#breadcrumb"},"inLanguage":"fr-FR","potentialAction":[{"@type":"ReadAction","target":["https:\/\/www.forma-beauty.fr\/index.php\/2024\/05\/31\/rs7035-realiser-une-pose-dextension-de-cils-cil-a-cil-volume-russe-pose-mixte-35h\/"]}]},{"@type":"ImageObject","inLanguage":"fr-FR","@id":"https:\/\/www.forma-beauty.fr\/index.php\/2024\/05\/31\/rs7035-realiser-une-pose-dextension-de-cils-cil-a-cil-volume-russe-pose-mixte-35h\/#primaryimage","url":"https:\/\/www.forma-beauty.fr\/wp-content\/uploads\/2021\/10\/Formation-cil-a-cil-et-volume-russe.jpg","contentUrl":"https:\/\/www.forma-beauty.fr\/wp-content\/uploads\/2021\/10\/Formation-cil-a-cil-et-volume-russe.jpg","width":600,"height":600,"caption":"Formation cil \u00e0 cil et cils volume russe"},{"@type":"BreadcrumbList","@id":"https:\/\/www.forma-beauty.fr\/index.php\/2024\/05\/31\/rs7035-realiser-une-pose-dextension-de-cils-cil-a-cil-volume-russe-pose-mixte-35h\/#breadcrumb","itemListElement":[{"@type":"ListItem","position":1,"name":"Accueil","item":"https:\/\/www.forma-beauty.fr\/"},{"@type":"ListItem","position":2,"name":"RS7035 &#8211; R\u00e9aliser une pose d&rsquo;extension de cils &#8211; cil \u00e0 cil volume russe, pose mixte &#8211; 35hDate d\u2019\u00e9ch\u00e9ance de l\u2019enregistrement : 28\/02\/2028"}]},{"@type":"WebSite","@id":"https:\/\/www.forma-beauty.fr\/#website","url":"https:\/\/www.forma-beauty.fr\/","name":"Forma Beauty","description":"Centre de formation Beaut\u00e9","potentialAction":[{"@type":"SearchAction","target":{"@type":"EntryPoint","urlTemplate":"https:\/\/www.forma-beauty.fr\/?s={search_term_string}"},"query-input":{"@type":"PropertyValueSpecification","valueRequired":true,"valueName":"search_term_string"}}],"inLanguage":"fr-FR"},{"@type":"Person","@id":"https:\/\/www.forma-beauty.fr\/#\/schema\/person\/b138ed54255d6b7b3ed7d54b965e7550","name":"steph","image":{"@type":"ImageObject","inLanguage":"fr-FR","@id":"https:\/\/secure.gravatar.com\/avatar\/e74d7029390c4aa87f4c1ccdde9238a8e62ab6ebb8fb8d79135e496b5ccdf631?s=96&d=mm&r=g","url":"https:\/\/secure.gravatar.com\/avatar\/e74d7029390c4aa87f4c1ccdde9238a8e62ab6ebb8fb8d79135e496b5ccdf631?s=96&d=mm&r=g","contentUrl":"https:\/\/secure.gravatar.com\/avatar\/e74d7029390c4aa87f4c1ccdde9238a8e62ab6ebb8fb8d79135e496b5ccdf631?s=96&d=mm&r=g","caption":"steph"},"url":"https:\/\/www.forma-beauty.fr\/index.php\/author\/steph\/"}]}},"_links":{"self":[{"href":"https:\/\/www.forma-beauty.fr\/index.php\/wp-json\/wp\/v2\/posts\/4419","targetHints":{"allow":["GET"]}}],"collection":[{"href":"https:\/\/www.forma-beauty.fr\/index.php\/wp-json\/wp\/v2\/posts"}],"about":[{"href":"https:\/\/www.forma-beauty.fr\/index.php\/wp-json\/wp\/v2\/types\/post"}],"author":[{"embeddable":true,"href":"https:\/\/www.forma-beauty.fr\/index.php\/wp-json\/wp\/v2\/users\/5"}],"replies":[{"embeddable":true,"href":"https:\/\/www.forma-beauty.fr\/index.php\/wp-json\/wp\/v2\/comments?post=4419"}],"version-history":[{"count":26,"href":"https:\/\/www.forma-beauty.fr\/index.php\/wp-json\/wp\/v2\/posts\/4419\/revisions"}],"predecessor-version":[{"id":6163,"href":"https:\/\/www.forma-beauty.fr\/index.php\/wp-json\/wp\/v2\/posts\/4419\/revisions\/6163"}],"wp:featuredmedia":[{"embeddable":true,"href":"https:\/\/www.forma-beauty.fr\/index.php\/wp-json\/wp\/v2\/media\/2137"}],"wp:attachment":[{"href":"https:\/\/www.forma-beauty.fr\/index.php\/wp-json\/wp\/v2\/media?parent=4419"}],"wp:term":[{"taxonomy":"category","embeddable":true,"href":"https:\/\/www.forma-beauty.fr\/index.php\/wp-json\/wp\/v2\/categories?post=4419"},{"taxonomy":"post_tag","embeddable":true,"href":"https:\/\/www.forma-beauty.fr\/index.php\/wp-json\/wp\/v2\/tags?post=4419"}],"curies":[{"name":"wp","href":"https:\/\/api.w.org\/{rel}","templated":true}]}}