{"id":2173,"date":"2021-10-19T18:11:44","date_gmt":"2021-10-19T16:11:44","guid":{"rendered":"https:\/\/forma-beauty.fr\/?p=2173"},"modified":"2026-04-09T12:54:15","modified_gmt":"2026-04-09T10:54:15","slug":"formation-massage-bougie","status":"publish","type":"post","link":"https:\/\/www.forma-beauty.fr\/index.php\/2021\/10\/19\/formation-massage-bougie\/","title":{"rendered":"Formation massage \u00e0 la cire de bougie"},"content":{"rendered":"\n<div class=\"wp-block-columns is-layout-flex wp-container-core-columns-is-layout-9d6595d7 wp-block-columns-is-layout-flex\">\n<div class=\"wp-block-column wp-block-column-left is-layout-flow wp-block-column-is-layout-flow\" style=\"flex-basis:25%\">\n<figure class=\"wp-block-image size-full is-resized\"><img loading=\"lazy\" decoding=\"async\" width=\"666\" height=\"656\" src=\"https:\/\/forma-beauty.fr\/wp-content\/uploads\/2021\/11\/AdobeStock_17672159.jpg\" alt=\"Formation massage \u00e0 la bougie\" class=\"wp-image-2458\" srcset=\"https:\/\/www.forma-beauty.fr\/wp-content\/uploads\/2021\/11\/AdobeStock_17672159.jpg 666w, https:\/\/www.forma-beauty.fr\/wp-content\/uploads\/2021\/11\/AdobeStock_17672159-300x295.jpg 300w\" sizes=\"auto, (max-width: 666px) 100vw, 666px\" \/><\/figure>\n\n\n\n<div class=\"wp-block-columns is-layout-flex wp-container-core-columns-is-layout-9d6595d7 wp-block-columns-is-layout-flex\">\n<div class=\"wp-block-column infos-formation is-layout-flow wp-block-column-is-layout-flow\">\n<div class=\"infos-ligne\"><span class=\"duree\">Dur\u00e9e :<\/span> <span class=\"jours\">14 H &#8211; 2 jours<\/span><\/div>\n\n\n\n<div class=\"infos-ligne\"><span class=\"tarif\">Tarif :<\/span> <span class=\"prix HT\">490<\/span> <span class=\"prix\">588<\/span><\/div>\n\n\n\n<div class=\"infos-ligne\"><span class=\"acompte\">Acompte inscription :<\/span> <span class=\"prix HT\">147<\/span>  <span class=\"prix\">176,40<\/span><\/div>\n\n\n\n<div class=\"infos-ligne\"><a href=\"\/wp-content\/uploads\/2025\/04\/Formabeauty-MASSAGE-cire-de-bougie.pdf\" class=\"telecharger\">T\u00e9l\u00e9chargez la fiche PDF<\/a><\/div>\n<\/div>\n<\/div>\n\n\n\n<div class=\"wp-block-buttons is-layout-flex wp-block-buttons-is-layout-flex\">\n<div class=\"wp-block-button open-events\"><a class=\"wp-block-button__link wp-element-button\">Je m&rsquo;inscris<\/a><\/div>\n<div class=\"wp-block-button open-all-events\" style=\"margin-top: 10px;\"><a class=\"wp-block-button__link wp-element-button\">Voir toutes les formations<\/a><\/div>\n<p><script>\n  if (typeof hasAmeliaEvent === 'undefined') {\n    var hasAmeliaEvent = true;\n  }\n  if (typeof hasEventApiCall === 'undefined' && ('open-events' === '' && '1' !== '1')) {\n    var hasEventApiCall = true;\n  }\n  var hasEventShortcode = (typeof hasEventShortcode === 'undefined') ? false : true;\n  var ameliaShortcodeData = (typeof ameliaShortcodeData === 'undefined') ? [] : ameliaShortcodeData;\n  ameliaShortcodeData.push(\n    {\n      'hasApiCall': (typeof hasEventApiCall !== 'undefined') && hasEventApiCall,\n      'trigger': 'open-events',\n      'trigger_type': 'class',\n      'triggered_form': 'elf',\n      'in_dialog': '1',\n      'counter': '1000',\n      'employee': '',\n      'eventId': '',\n      'eventRecurring': 0,\n      'eventTag': \"{formation-massage-bougie}\",\n      'locationId': \"\"\n    }\n  );\n  var ameliaShortcodeDataTriggered = (typeof ameliaShortcodeDataTriggered === 'undefined') ? [] : ameliaShortcodeDataTriggered;\n  if (ameliaShortcodeData[ameliaShortcodeData.length - 1].trigger !== '') {\n    if (ameliaShortcodeDataTriggered.filter(a => a.counter === ameliaShortcodeData[ameliaShortcodeData.length - 1].counter).length === 0) {\n      ameliaShortcodeDataTriggered.push(ameliaShortcodeData.pop());\n    } else {\n      ameliaShortcodeData.pop()\n    }\n  }\n  if (typeof hasEventApiCall !== 'undefined' && hasEventApiCall) {\n    hasEventApiCall = false;\n  }\n<\/script>\n\n<div\n  id=\"amelia-v2-booking-1000\"\n  class=\"amelia-v2-booking amelia-skip-load amelia-skip-load-1000\"\n>\n    <dialog-forms><\/dialog-forms><\/div>\n <script>\n  if (typeof hasAmeliaEvent === 'undefined') {\n    var hasAmeliaEvent = true;\n  }\n  if (typeof hasEventApiCall === 'undefined' && ('open-all-events' === '' && '1' !== '1')) {\n    var hasEventApiCall = true;\n  }\n  var hasEventShortcode = (typeof hasEventShortcode === 'undefined') ? false : true;\n  var ameliaShortcodeData = (typeof ameliaShortcodeData === 'undefined') ? [] : ameliaShortcodeData;\n  ameliaShortcodeData.push(\n    {\n      'hasApiCall': (typeof hasEventApiCall !== 'undefined') && hasEventApiCall,\n      'trigger': 'open-all-events',\n      'trigger_type': 'class',\n      'triggered_form': 'ecf',\n      'in_dialog': '1',\n      'counter': '1001',\n      'employee': '',\n      'eventId': '',\n      'eventRecurring': 0,\n      'eventTag': \"\",\n      'locationId': \"\"\n    }\n  );\n  var ameliaShortcodeDataTriggered = (typeof ameliaShortcodeDataTriggered === 'undefined') ? [] : ameliaShortcodeDataTriggered;\n  if (ameliaShortcodeData[ameliaShortcodeData.length - 1].trigger !== '') {\n    if (ameliaShortcodeDataTriggered.filter(a => a.counter === ameliaShortcodeData[ameliaShortcodeData.length - 1].counter).length === 0) {\n      ameliaShortcodeDataTriggered.push(ameliaShortcodeData.pop());\n    } else {\n      ameliaShortcodeData.pop()\n    }\n  }\n  if (typeof hasEventApiCall !== 'undefined' && hasEventApiCall) {\n    hasEventApiCall = false;\n  }\n<\/script>\n\n<div\n  id=\"amelia-v2-booking-1001\"\n  class=\"amelia-v2-booking amelia-skip-load amelia-skip-load-1001\"\n>\n    <dialog-forms><\/dialog-forms><\/div>\n<\/div>\n\n\n\n<div class=\"wp-block-columns is-layout-flex wp-container-core-columns-is-layout-9d6595d7 wp-block-columns-is-layout-flex\">\n<div class=\"wp-block-column is-layout-flow wp-block-column-is-layout-flow\">\n<h3 class=\"wp-block-heading\">Paiement jusqu&rsquo;\u00e0 quatre fois avec Alma<\/h3>\n\n\n<div class=\"wp-block-image\">\n<figure class=\"aligncenter size-full\"><a href=\"https:\/\/almapay.com\/fr-FR\" target=\"_blank\" rel=\"noreferrer noopener\"><img loading=\"lazy\" decoding=\"async\" width=\"230\" height=\"65\" src=\"https:\/\/www.forma-beauty.fr\/wp-content\/uploads\/2024\/11\/Alma-230px.png\" alt=\"Alma - solution de paiement en plusieurs fois flexible et garanti\" class=\"wp-image-4715\" style=\"object-fit:cover\"\/><\/a><\/figure>\n<\/div>\n\n\n<h3 class=\"wp-block-heading\">Dispositifs de financement :<\/h3>\n\n\n\n<div class=\"wp-block-buttons is-layout-flex wp-block-buttons-is-layout-flex\">\n<div class=\"wp-block-button\"><a class=\"wp-block-button__link wp-element-button\" href=\"\/index.php\/a-propos\/financement\/\" target=\"_blank\" rel=\"noreferrer noopener\">Voir les modalit\u00e9s de financement<\/a><\/div>\n<\/div>\n\n\n\n<figure class=\"wp-block-gallery aligncenter has-nested-images columns-1 wp-block-gallery-1 is-layout-flex wp-block-gallery-is-layout-flex\">\n<figure class=\"wp-block-image size-full\"><img decoding=\"async\" data-id=\"4714\" src=\"https:\/\/www.forma-beauty.fr\/wp-content\/uploads\/2024\/11\/Uniformation-260px.png\" alt=\"Uniformation - L'Opco de la coh\u00e9sion sociale\" class=\"wp-image-4714\"\/><\/figure>\n\n\n\n<figure class=\"wp-block-image size-full\"><img loading=\"lazy\" decoding=\"async\" width=\"230\" height=\"75\" data-id=\"4713\" src=\"https:\/\/www.forma-beauty.fr\/wp-content\/uploads\/2024\/11\/Atlas-230px.png\" alt=\"Atlas - Opco Atlas, op\u00e9rateur de comp\u00e9tences des services financiers et du conseil\" class=\"wp-image-4713\"\/><\/figure>\n\n\n\n<figure class=\"wp-block-image size-full\"><img loading=\"lazy\" decoding=\"async\" width=\"130\" height=\"130\" data-id=\"4712\" src=\"https:\/\/www.forma-beauty.fr\/wp-content\/uploads\/2024\/11\/agefice-130px.png\" alt=\"AGEFICE - Assurance Formation des Travailleurs non salari\u00e9s des secteurs du commerce, de l'industrie et des services\" class=\"wp-image-4712\"\/><\/figure>\n\n\n\n<figure class=\"wp-block-image size-full\"><img loading=\"lazy\" decoding=\"async\" width=\"230\" height=\"74\" data-id=\"4711\" src=\"https:\/\/www.forma-beauty.fr\/wp-content\/uploads\/2024\/11\/AFDAS-230px.png\" alt=\"AFDAS - demain sera formation - Assurance Formation Des Activit\u00e9s du Spectacle\" class=\"wp-image-4711\"\/><\/figure>\n\n\n\n<figure class=\"wp-block-image size-full\"><img loading=\"lazy\" decoding=\"async\" width=\"140\" height=\"120\" data-id=\"4710\" src=\"https:\/\/www.forma-beauty.fr\/wp-content\/uploads\/2024\/11\/OCAPIAT-140px.png\" alt=\"OCAPIAT - Op\u00e9rateur de Comp\u00e9tences pour la Coop\u00e9ration agricole, l'Agriculture, la P\u00eache, l'Industrie Agroalimentaire et les Territoires\" class=\"wp-image-4710\"\/><\/figure>\n\n\n\n<figure class=\"wp-block-image size-full\"><img loading=\"lazy\" decoding=\"async\" width=\"180\" height=\"86\" data-id=\"4709\" src=\"https:\/\/www.forma-beauty.fr\/wp-content\/uploads\/2024\/11\/FAFCEA-180px.png\" alt=\"FAFCEA - Fonds d'Assurance Formation des Chefs d'Entreprise Artisanale\" class=\"wp-image-4709\"\/><\/figure>\n\n\n\n<figure class=\"wp-block-image size-full\"><img loading=\"lazy\" decoding=\"async\" width=\"170\" height=\"94\" data-id=\"4708\" src=\"https:\/\/www.forma-beauty.fr\/wp-content\/uploads\/2024\/11\/constructys-170px.png\" alt=\"Constructys - Votre partenaire comp\u00e9tences\" class=\"wp-image-4708\"\/><\/figure>\n\n\n\n<figure class=\"wp-block-image size-full\"><img loading=\"lazy\" decoding=\"async\" width=\"180\" height=\"87\" data-id=\"4706\" src=\"https:\/\/www.forma-beauty.fr\/wp-content\/uploads\/2024\/11\/CNAIB-180px.png\" alt=\"CNAIB SPA - Conf\u00e9d\u00e9ration Nationale Artisanale des Instituts de Beaut\u00e9 et Spas\" class=\"wp-image-4706\"\/><\/figure>\n\n\n\n<figure class=\"wp-block-image size-full\"><img loading=\"lazy\" decoding=\"async\" width=\"180\" height=\"91\" data-id=\"4705\" src=\"https:\/\/www.forma-beauty.fr\/wp-content\/uploads\/2024\/11\/CPF-180px.png\" alt=\"CPF - Mon Compte Formation\" class=\"wp-image-4705\"\/><\/figure>\n<\/figure>\n<\/div>\n<\/div>\n<\/div>\n\n\n\n<div class=\"wp-block-column wp-block-column-right is-layout-flow wp-block-column-is-layout-flow\" style=\"flex-basis:75%\">\n<h2 class=\"wp-block-heading\" id=\"presentation\">Pr\u00e9sentation<\/h2>\n\n\n\n<p>Le massage \u00e0 la bougie est une technique de bien-\u00eatre qui utilise la cire chaude fondue pour offrir une exp\u00e9rience relaxante et nourrissante. Gr\u00e2ce \u00e0 sa chaleur douce et ses mouvements enveloppants, il favorise la d\u00e9tente profonde, soulage les tensions musculaires et hydrate intens\u00e9ment la peau. Id\u00e9al pour un moment de relaxation unique et sensoriel.<\/p>\n\n\n\n<h2 class=\"wp-block-heading\" id=\"programme\">Objectifs p\u00e9dagogiques<\/h2>\n\n\n\n<ul class=\"wp-block-list\">\n<li>D\u00e9couvrir les bienfaits et sp\u00e9cificit\u00e9s du massage \u00e0 la cire de bougie.<\/li>\n\n\n\n<li>Apprendre \u00e0 utiliser la cire chaude pour un soin relaxant et nourrissant.<\/li>\n\n\n\n<li>Ma\u00eetriser un protocole complet et harmonisant adapt\u00e9 aux besoins des clients.<\/li>\n<\/ul>\n\n\n\n<h2 class=\"wp-block-heading\" id=\"objectifs-effets\">Programme<\/h2>\n\n\n\n<h3 class=\"wp-block-heading\">JOUR 1 : D\u00e9couverte et techniques de base<\/h3>\n\n\n\n<h4 class=\"wp-block-heading\">Matin (9h00 &#8211; 12h30)<\/h4>\n\n\n\n<ul class=\"wp-block-list\">\n<li>Introduction au massage \u00e0 la cire de bougie :\n<ul class=\"wp-block-list\">\n<li>Origine et principes du massage \u00e0 la bougie.<\/li>\n\n\n\n<li>Bienfaits de la cire de bougie : hydratation, relaxation, apaisement musculaire.<\/li>\n\n\n\n<li>Pr\u00e9sentation des diff\u00e9rentes bougies adapt\u00e9es au massage (ingr\u00e9dients, parfums, pr\u00e9cautions d\u2019utilisation).<\/li>\n<\/ul>\n<\/li>\n\n\n\n<li>Pr\u00e9paration et s\u00e9curit\u00e9 :\n<ul class=\"wp-block-list\">\n<li>Manipulation de la bougie : dosage, temp\u00e9rature, application.<\/li>\n\n\n\n<li>Hygi\u00e8ne et s\u00e9curit\u00e9 pour le client et le praticien.<\/li>\n<\/ul>\n<\/li>\n<\/ul>\n\n\n\n<h4 class=\"wp-block-heading\">Apr\u00e8s-midi (13h30 &#8211; 17h00)<\/h4>\n\n\n\n<ul class=\"wp-block-list\">\n<li>Techniques de base :\n<ul class=\"wp-block-list\">\n<li>R\u00e9chauffement du corps avec la cire.<\/li>\n\n\n\n<li>Mouvements fondamentaux : effleurages, p\u00e9trissages et pressions.<\/li>\n\n\n\n<li>Travail sur les zones principales : dos, \u00e9paules, jambes.<\/li>\n<\/ul>\n<\/li>\n\n\n\n<li>Pratique supervis\u00e9e :\n<ul class=\"wp-block-list\">\n<li>Mise en application sur bin\u00f4me ou mod\u00e8le.<\/li>\n<\/ul>\n<\/li>\n<\/ul>\n\n\n\n<h3 class=\"wp-block-heading\">JOUR 2 : Techniques avanc\u00e9es et protocole complet<\/h3>\n\n\n\n<h4 class=\"wp-block-heading\">Matin (9h00 &#8211; 12h30)<\/h4>\n\n\n\n<ul class=\"wp-block-list\">\n<li>Approfondissement des techniques :\n<ul class=\"wp-block-list\">\n<li>Travail sur les zones sp\u00e9cifiques : bras, mains, pieds, visage.<\/li>\n\n\n\n<li>Techniques enveloppantes pour une relaxation totale.<\/li>\n<\/ul>\n<\/li>\n\n\n\n<li>Personnalisation du soin :\n<ul class=\"wp-block-list\">\n<li>Adapter les gestes en fonction des besoins du client (stress, tensions musculaires, fatigue).<\/li>\n\n\n\n<li>Association de la cire \u00e0 des huiles essentielles pour renforcer les bienfaits.<\/li>\n<\/ul>\n<\/li>\n<\/ul>\n\n\n\n<h4 class=\"wp-block-heading\">Apr\u00e8s-midi (13h30 &#8211; 17h00)<\/h4>\n\n\n\n<ul class=\"wp-block-list\">\n<li>Protocole complet :\n<ul class=\"wp-block-list\">\n<li>R\u00e9alisation d\u2019un massage \u00e0 la cire de bougie complet (60-90 minutes).<\/li>\n\n\n\n<li>Gestion du temps et fluidit\u00e9 des mouvements.<\/li>\n<\/ul>\n<\/li>\n\n\n\n<li>\u00c9valuation et certification :\n<ul class=\"wp-block-list\">\n<li>R\u00e9alisation d\u2019un protocole complet sur mod\u00e8le.<\/li>\n\n\n\n<li>Retour d\u2019exp\u00e9rience et conseils personnalis\u00e9s.<\/li>\n\n\n\n<li>D\u00e9livrance du certificat de formation.<\/li>\n<\/ul>\n<\/li>\n<\/ul>\n\n\n\n<h3 class=\"wp-block-heading\">Inclus dans la formation<\/h3>\n\n\n\n<ul class=\"wp-block-list\">\n<li>Supports p\u00e9dagogiques d\u00e9taill\u00e9s (protocole \u00e9crit, fiches techniques).<\/li>\n\n\n\n<li>Mat\u00e9riel fourni : bougies de massage, huiles, accessoires n\u00e9cessaires.<\/li>\n\n\n\n<li>Accompagnement post-formation pour la mise en pratique.<\/li>\n<\/ul>\n<\/div>\n<\/div>\n","protected":false},"excerpt":{"rendered":"<p>Dur\u00e9e : 14 H &#8211; 2 jours Tarif : 490 588 Acompte inscription : 147 176,40 T\u00e9l\u00e9chargez la fiche PDF Paiement jusqu&rsquo;\u00e0 quatre fois avec Alma Dispositifs de financement : Pr\u00e9sentation Le massage \u00e0 la bougie est une technique de bien-\u00eatre qui utilise la cire chaude fondue pour offrir une exp\u00e9rience relaxante et nourrissante. Gr\u00e2ce&hellip;<\/p>\n","protected":false},"author":5,"featured_media":2458,"comment_status":"closed","ping_status":"closed","sticky":false,"template":"","format":"standard","meta":{"footnotes":""},"categories":[64,5],"tags":[176,9,52],"class_list":["post-2173","post","type-post","status-publish","format-standard","has-post-thumbnail","hentry","category-formation-massages","category-formations-beaute","tag-cire-de-bougie","tag-formation","tag-massage","category-64","category-5","description-off"],"yoast_head":"<!-- This site is optimized with the Yoast SEO plugin v27.4 - https:\/\/yoast.com\/product\/yoast-seo-wordpress\/ -->\n<title>Formation massage \u00e0 la cire de bougie \ud83d\udcd6 Forma Beauty<\/title>\n<meta name=\"description\" content=\"Formabeauty, centre de formation sp\u00e9cialiste de l&#039;esth\u00e9tique \u00e0 la Seyne-sur-Mer dans le Var, propose une formation massage \u00e0 la cire de bougie\" \/>\n<meta name=\"robots\" content=\"index, follow, max-snippet:-1, max-image-preview:large, max-video-preview:-1\" \/>\n<link rel=\"canonical\" href=\"https:\/\/www.forma-beauty.fr\/index.php\/2021\/10\/19\/formation-massage-bougie\/\" \/>\n<meta property=\"og:locale\" content=\"fr_FR\" \/>\n<meta property=\"og:type\" content=\"article\" \/>\n<meta property=\"og:title\" content=\"Formation massage \u00e0 la cire de bougie \ud83d\udcd6 Forma Beauty\" \/>\n<meta property=\"og:description\" content=\"Formabeauty, centre de formation sp\u00e9cialiste de l&#039;esth\u00e9tique \u00e0 la Seyne-sur-Mer dans le Var, propose une formation massage \u00e0 la cire de bougie\" \/>\n<meta property=\"og:url\" content=\"https:\/\/www.forma-beauty.fr\/index.php\/2021\/10\/19\/formation-massage-bougie\/\" \/>\n<meta property=\"og:site_name\" content=\"Forma Beauty\" \/>\n<meta property=\"article:published_time\" content=\"2021-10-19T16:11:44+00:00\" \/>\n<meta property=\"article:modified_time\" content=\"2026-04-09T10:54:15+00:00\" \/>\n<meta property=\"og:image\" content=\"https:\/\/www.forma-beauty.fr\/wp-content\/uploads\/2021\/11\/AdobeStock_17672159.jpg\" \/>\n\t<meta property=\"og:image:width\" content=\"666\" \/>\n\t<meta property=\"og:image:height\" content=\"656\" \/>\n\t<meta property=\"og:image:type\" content=\"image\/jpeg\" \/>\n<meta name=\"author\" content=\"steph\" \/>\n<meta name=\"twitter:card\" content=\"summary_large_image\" \/>\n<meta name=\"twitter:label1\" content=\"\u00c9crit par\" \/>\n\t<meta name=\"twitter:data1\" content=\"steph\" \/>\n\t<meta name=\"twitter:label2\" content=\"Dur\u00e9e de lecture estim\u00e9e\" \/>\n\t<meta name=\"twitter:data2\" content=\"5 minutes\" \/>\n<script type=\"application\/ld+json\" class=\"yoast-schema-graph\">{\"@context\":\"https:\\\/\\\/schema.org\",\"@graph\":[{\"@type\":\"Article\",\"@id\":\"https:\\\/\\\/www.forma-beauty.fr\\\/index.php\\\/2021\\\/10\\\/19\\\/formation-massage-bougie\\\/#article\",\"isPartOf\":{\"@id\":\"https:\\\/\\\/www.forma-beauty.fr\\\/index.php\\\/2021\\\/10\\\/19\\\/formation-massage-bougie\\\/\"},\"author\":{\"name\":\"steph\",\"@id\":\"https:\\\/\\\/www.forma-beauty.fr\\\/#\\\/schema\\\/person\\\/b138ed54255d6b7b3ed7d54b965e7550\"},\"headline\":\"Formation massage \u00e0 la cire de bougie\",\"datePublished\":\"2021-10-19T16:11:44+00:00\",\"dateModified\":\"2026-04-09T10:54:15+00:00\",\"mainEntityOfPage\":{\"@id\":\"https:\\\/\\\/www.forma-beauty.fr\\\/index.php\\\/2021\\\/10\\\/19\\\/formation-massage-bougie\\\/\"},\"wordCount\":420,\"image\":{\"@id\":\"https:\\\/\\\/www.forma-beauty.fr\\\/index.php\\\/2021\\\/10\\\/19\\\/formation-massage-bougie\\\/#primaryimage\"},\"thumbnailUrl\":\"https:\\\/\\\/www.forma-beauty.fr\\\/wp-content\\\/uploads\\\/2021\\\/11\\\/AdobeStock_17672159.jpg\",\"keywords\":[\"cire de bougie\",\"formation\",\"massage\"],\"articleSection\":[\"Massages\",\"Nos formations\"],\"inLanguage\":\"fr-FR\"},{\"@type\":\"WebPage\",\"@id\":\"https:\\\/\\\/www.forma-beauty.fr\\\/index.php\\\/2021\\\/10\\\/19\\\/formation-massage-bougie\\\/\",\"url\":\"https:\\\/\\\/www.forma-beauty.fr\\\/index.php\\\/2021\\\/10\\\/19\\\/formation-massage-bougie\\\/\",\"name\":\"Formation massage \u00e0 la cire de bougie \ud83d\udcd6 Forma Beauty\",\"isPartOf\":{\"@id\":\"https:\\\/\\\/www.forma-beauty.fr\\\/#website\"},\"primaryImageOfPage\":{\"@id\":\"https:\\\/\\\/www.forma-beauty.fr\\\/index.php\\\/2021\\\/10\\\/19\\\/formation-massage-bougie\\\/#primaryimage\"},\"image\":{\"@id\":\"https:\\\/\\\/www.forma-beauty.fr\\\/index.php\\\/2021\\\/10\\\/19\\\/formation-massage-bougie\\\/#primaryimage\"},\"thumbnailUrl\":\"https:\\\/\\\/www.forma-beauty.fr\\\/wp-content\\\/uploads\\\/2021\\\/11\\\/AdobeStock_17672159.jpg\",\"datePublished\":\"2021-10-19T16:11:44+00:00\",\"dateModified\":\"2026-04-09T10:54:15+00:00\",\"author\":{\"@id\":\"https:\\\/\\\/www.forma-beauty.fr\\\/#\\\/schema\\\/person\\\/b138ed54255d6b7b3ed7d54b965e7550\"},\"description\":\"Formabeauty, centre de formation sp\u00e9cialiste de l'esth\u00e9tique \u00e0 la Seyne-sur-Mer dans le Var, propose une formation massage \u00e0 la cire de bougie\",\"breadcrumb\":{\"@id\":\"https:\\\/\\\/www.forma-beauty.fr\\\/index.php\\\/2021\\\/10\\\/19\\\/formation-massage-bougie\\\/#breadcrumb\"},\"inLanguage\":\"fr-FR\",\"potentialAction\":[{\"@type\":\"ReadAction\",\"target\":[\"https:\\\/\\\/www.forma-beauty.fr\\\/index.php\\\/2021\\\/10\\\/19\\\/formation-massage-bougie\\\/\"]}]},{\"@type\":\"ImageObject\",\"inLanguage\":\"fr-FR\",\"@id\":\"https:\\\/\\\/www.forma-beauty.fr\\\/index.php\\\/2021\\\/10\\\/19\\\/formation-massage-bougie\\\/#primaryimage\",\"url\":\"https:\\\/\\\/www.forma-beauty.fr\\\/wp-content\\\/uploads\\\/2021\\\/11\\\/AdobeStock_17672159.jpg\",\"contentUrl\":\"https:\\\/\\\/www.forma-beauty.fr\\\/wp-content\\\/uploads\\\/2021\\\/11\\\/AdobeStock_17672159.jpg\",\"width\":666,\"height\":656,\"caption\":\"Formation massage \u00e0 la bougie\"},{\"@type\":\"BreadcrumbList\",\"@id\":\"https:\\\/\\\/www.forma-beauty.fr\\\/index.php\\\/2021\\\/10\\\/19\\\/formation-massage-bougie\\\/#breadcrumb\",\"itemListElement\":[{\"@type\":\"ListItem\",\"position\":1,\"name\":\"Accueil\",\"item\":\"https:\\\/\\\/www.forma-beauty.fr\\\/\"},{\"@type\":\"ListItem\",\"position\":2,\"name\":\"Formation massage \u00e0 la cire de bougie\"}]},{\"@type\":\"WebSite\",\"@id\":\"https:\\\/\\\/www.forma-beauty.fr\\\/#website\",\"url\":\"https:\\\/\\\/www.forma-beauty.fr\\\/\",\"name\":\"Forma Beauty\",\"description\":\"Centre de formation Beaut\u00e9\",\"potentialAction\":[{\"@type\":\"SearchAction\",\"target\":{\"@type\":\"EntryPoint\",\"urlTemplate\":\"https:\\\/\\\/www.forma-beauty.fr\\\/?s={search_term_string}\"},\"query-input\":{\"@type\":\"PropertyValueSpecification\",\"valueRequired\":true,\"valueName\":\"search_term_string\"}}],\"inLanguage\":\"fr-FR\"},{\"@type\":\"Person\",\"@id\":\"https:\\\/\\\/www.forma-beauty.fr\\\/#\\\/schema\\\/person\\\/b138ed54255d6b7b3ed7d54b965e7550\",\"name\":\"steph\",\"image\":{\"@type\":\"ImageObject\",\"inLanguage\":\"fr-FR\",\"@id\":\"https:\\\/\\\/secure.gravatar.com\\\/avatar\\\/e74d7029390c4aa87f4c1ccdde9238a8e62ab6ebb8fb8d79135e496b5ccdf631?s=96&d=mm&r=g\",\"url\":\"https:\\\/\\\/secure.gravatar.com\\\/avatar\\\/e74d7029390c4aa87f4c1ccdde9238a8e62ab6ebb8fb8d79135e496b5ccdf631?s=96&d=mm&r=g\",\"contentUrl\":\"https:\\\/\\\/secure.gravatar.com\\\/avatar\\\/e74d7029390c4aa87f4c1ccdde9238a8e62ab6ebb8fb8d79135e496b5ccdf631?s=96&d=mm&r=g\",\"caption\":\"steph\"},\"url\":\"https:\\\/\\\/www.forma-beauty.fr\\\/index.php\\\/author\\\/steph\\\/\"}]}<\/script>\n<!-- \/ Yoast SEO plugin. -->","yoast_head_json":{"title":"Formation massage \u00e0 la cire de bougie \ud83d\udcd6 Forma Beauty","description":"Formabeauty, centre de formation sp\u00e9cialiste de l'esth\u00e9tique \u00e0 la Seyne-sur-Mer dans le Var, propose une formation massage \u00e0 la cire de bougie","robots":{"index":"index","follow":"follow","max-snippet":"max-snippet:-1","max-image-preview":"max-image-preview:large","max-video-preview":"max-video-preview:-1"},"canonical":"https:\/\/www.forma-beauty.fr\/index.php\/2021\/10\/19\/formation-massage-bougie\/","og_locale":"fr_FR","og_type":"article","og_title":"Formation massage \u00e0 la cire de bougie \ud83d\udcd6 Forma Beauty","og_description":"Formabeauty, centre de formation sp\u00e9cialiste de l'esth\u00e9tique \u00e0 la Seyne-sur-Mer dans le Var, propose une formation massage \u00e0 la cire de bougie","og_url":"https:\/\/www.forma-beauty.fr\/index.php\/2021\/10\/19\/formation-massage-bougie\/","og_site_name":"Forma Beauty","article_published_time":"2021-10-19T16:11:44+00:00","article_modified_time":"2026-04-09T10:54:15+00:00","og_image":[{"width":666,"height":656,"url":"https:\/\/www.forma-beauty.fr\/wp-content\/uploads\/2021\/11\/AdobeStock_17672159.jpg","type":"image\/jpeg"}],"author":"steph","twitter_card":"summary_large_image","twitter_misc":{"\u00c9crit par":"steph","Dur\u00e9e de lecture estim\u00e9e":"5 minutes"},"schema":{"@context":"https:\/\/schema.org","@graph":[{"@type":"Article","@id":"https:\/\/www.forma-beauty.fr\/index.php\/2021\/10\/19\/formation-massage-bougie\/#article","isPartOf":{"@id":"https:\/\/www.forma-beauty.fr\/index.php\/2021\/10\/19\/formation-massage-bougie\/"},"author":{"name":"steph","@id":"https:\/\/www.forma-beauty.fr\/#\/schema\/person\/b138ed54255d6b7b3ed7d54b965e7550"},"headline":"Formation massage \u00e0 la cire de bougie","datePublished":"2021-10-19T16:11:44+00:00","dateModified":"2026-04-09T10:54:15+00:00","mainEntityOfPage":{"@id":"https:\/\/www.forma-beauty.fr\/index.php\/2021\/10\/19\/formation-massage-bougie\/"},"wordCount":420,"image":{"@id":"https:\/\/www.forma-beauty.fr\/index.php\/2021\/10\/19\/formation-massage-bougie\/#primaryimage"},"thumbnailUrl":"https:\/\/www.forma-beauty.fr\/wp-content\/uploads\/2021\/11\/AdobeStock_17672159.jpg","keywords":["cire de bougie","formation","massage"],"articleSection":["Massages","Nos formations"],"inLanguage":"fr-FR"},{"@type":"WebPage","@id":"https:\/\/www.forma-beauty.fr\/index.php\/2021\/10\/19\/formation-massage-bougie\/","url":"https:\/\/www.forma-beauty.fr\/index.php\/2021\/10\/19\/formation-massage-bougie\/","name":"Formation massage \u00e0 la cire de bougie \ud83d\udcd6 Forma Beauty","isPartOf":{"@id":"https:\/\/www.forma-beauty.fr\/#website"},"primaryImageOfPage":{"@id":"https:\/\/www.forma-beauty.fr\/index.php\/2021\/10\/19\/formation-massage-bougie\/#primaryimage"},"image":{"@id":"https:\/\/www.forma-beauty.fr\/index.php\/2021\/10\/19\/formation-massage-bougie\/#primaryimage"},"thumbnailUrl":"https:\/\/www.forma-beauty.fr\/wp-content\/uploads\/2021\/11\/AdobeStock_17672159.jpg","datePublished":"2021-10-19T16:11:44+00:00","dateModified":"2026-04-09T10:54:15+00:00","author":{"@id":"https:\/\/www.forma-beauty.fr\/#\/schema\/person\/b138ed54255d6b7b3ed7d54b965e7550"},"description":"Formabeauty, centre de formation sp\u00e9cialiste de l'esth\u00e9tique \u00e0 la Seyne-sur-Mer dans le Var, propose une formation massage \u00e0 la cire de bougie","breadcrumb":{"@id":"https:\/\/www.forma-beauty.fr\/index.php\/2021\/10\/19\/formation-massage-bougie\/#breadcrumb"},"inLanguage":"fr-FR","potentialAction":[{"@type":"ReadAction","target":["https:\/\/www.forma-beauty.fr\/index.php\/2021\/10\/19\/formation-massage-bougie\/"]}]},{"@type":"ImageObject","inLanguage":"fr-FR","@id":"https:\/\/www.forma-beauty.fr\/index.php\/2021\/10\/19\/formation-massage-bougie\/#primaryimage","url":"https:\/\/www.forma-beauty.fr\/wp-content\/uploads\/2021\/11\/AdobeStock_17672159.jpg","contentUrl":"https:\/\/www.forma-beauty.fr\/wp-content\/uploads\/2021\/11\/AdobeStock_17672159.jpg","width":666,"height":656,"caption":"Formation massage \u00e0 la bougie"},{"@type":"BreadcrumbList","@id":"https:\/\/www.forma-beauty.fr\/index.php\/2021\/10\/19\/formation-massage-bougie\/#breadcrumb","itemListElement":[{"@type":"ListItem","position":1,"name":"Accueil","item":"https:\/\/www.forma-beauty.fr\/"},{"@type":"ListItem","position":2,"name":"Formation massage \u00e0 la cire de bougie"}]},{"@type":"WebSite","@id":"https:\/\/www.forma-beauty.fr\/#website","url":"https:\/\/www.forma-beauty.fr\/","name":"Forma Beauty","description":"Centre de formation Beaut\u00e9","potentialAction":[{"@type":"SearchAction","target":{"@type":"EntryPoint","urlTemplate":"https:\/\/www.forma-beauty.fr\/?s={search_term_string}"},"query-input":{"@type":"PropertyValueSpecification","valueRequired":true,"valueName":"search_term_string"}}],"inLanguage":"fr-FR"},{"@type":"Person","@id":"https:\/\/www.forma-beauty.fr\/#\/schema\/person\/b138ed54255d6b7b3ed7d54b965e7550","name":"steph","image":{"@type":"ImageObject","inLanguage":"fr-FR","@id":"https:\/\/secure.gravatar.com\/avatar\/e74d7029390c4aa87f4c1ccdde9238a8e62ab6ebb8fb8d79135e496b5ccdf631?s=96&d=mm&r=g","url":"https:\/\/secure.gravatar.com\/avatar\/e74d7029390c4aa87f4c1ccdde9238a8e62ab6ebb8fb8d79135e496b5ccdf631?s=96&d=mm&r=g","contentUrl":"https:\/\/secure.gravatar.com\/avatar\/e74d7029390c4aa87f4c1ccdde9238a8e62ab6ebb8fb8d79135e496b5ccdf631?s=96&d=mm&r=g","caption":"steph"},"url":"https:\/\/www.forma-beauty.fr\/index.php\/author\/steph\/"}]}},"_links":{"self":[{"href":"https:\/\/www.forma-beauty.fr\/index.php\/wp-json\/wp\/v2\/posts\/2173","targetHints":{"allow":["GET"]}}],"collection":[{"href":"https:\/\/www.forma-beauty.fr\/index.php\/wp-json\/wp\/v2\/posts"}],"about":[{"href":"https:\/\/www.forma-beauty.fr\/index.php\/wp-json\/wp\/v2\/types\/post"}],"author":[{"embeddable":true,"href":"https:\/\/www.forma-beauty.fr\/index.php\/wp-json\/wp\/v2\/users\/5"}],"replies":[{"embeddable":true,"href":"https:\/\/www.forma-beauty.fr\/index.php\/wp-json\/wp\/v2\/comments?post=2173"}],"version-history":[{"count":28,"href":"https:\/\/www.forma-beauty.fr\/index.php\/wp-json\/wp\/v2\/posts\/2173\/revisions"}],"predecessor-version":[{"id":6104,"href":"https:\/\/www.forma-beauty.fr\/index.php\/wp-json\/wp\/v2\/posts\/2173\/revisions\/6104"}],"wp:featuredmedia":[{"embeddable":true,"href":"https:\/\/www.forma-beauty.fr\/index.php\/wp-json\/wp\/v2\/media\/2458"}],"wp:attachment":[{"href":"https:\/\/www.forma-beauty.fr\/index.php\/wp-json\/wp\/v2\/media?parent=2173"}],"wp:term":[{"taxonomy":"category","embeddable":true,"href":"https:\/\/www.forma-beauty.fr\/index.php\/wp-json\/wp\/v2\/categories?post=2173"},{"taxonomy":"post_tag","embeddable":true,"href":"https:\/\/www.forma-beauty.fr\/index.php\/wp-json\/wp\/v2\/tags?post=2173"}],"curies":[{"name":"wp","href":"https:\/\/api.w.org\/{rel}","templated":true}]}}